{"id":48539,"date":"2016-05-19T06:44:37","date_gmt":"2016-05-19T09:44:37","guid":{"rendered":"http:\/\/argentinamunicipal.com.ar\/argentina\/?p=48539"},"modified":"2016-05-19T07:18:18","modified_gmt":"2016-05-19T10:18:18","slug":"amplio-acuerdo-las-provincias-la-devolucion-del-15-la-coparticipacion","status":"publish","type":"post","link":"http:\/\/argentinamunicipal.com.ar\/argentina\/amplio-acuerdo-las-provincias-la-devolucion-del-15-la-coparticipacion\/","title":{"rendered":"Amplio acuerdo con las provincias para la devoluci\u00f3n del 15% de la coparticipaci\u00f3n"},"content":{"rendered":"<p>Hasta 2020 se le devolver\u00e1n a las provincias 3 puntos por a\u00f1o de la masa de impuestos coparticipables. A partir de ese a\u00f1o, la detracci\u00f3n por parte de la Naci\u00f3n ser\u00e1 del 0%. Adem\u00e1s, las provincias podr\u00e1n acceder a un pr\u00e9stamo por parte del Fondo de Garant\u00eda de Sustentabilidad.<\/p>\n<p>El gobierno nacional y las provincias de Buenos Aires, Catamarca, Corrientes, Chaco, Chubut, Entre R\u00edos, Formosa, Jujuy, La Pampa, La Rioja, Mendoza, Misiones, Neuqu\u00e9n, R\u00edo Negro, Salta, San Juan, Santa Cruz, Tucum\u00e1n, Tierra del Fuego, y la ciudad de Buenos Aires acordaron la devoluci\u00f3n escalonada del 15% de la Coparticipaci\u00f3n Federal con el objetivo de, en 2020, terminar con el esquema sostenido desde 1992.<\/p>\n<p>Como se recordar\u00e1 la ex presidenta Cristina Fern\u00e1ndez de Kirchner antes de terminar su mandato por decreto mand\u00f3 a devolver a todas las provincias la detracci\u00f3n del 15% de la masa coparticipable que era retenida por el Anses, tras un fallo de la Corte Suprema de Justicia que beneficiaba a Santa F\u00e9, San Luis y C\u00f3rdoba.<\/p>\n<p>El convenio fue firmado en C\u00f3rdoba por el ministro del Interior, Obras P\u00fablicas y Vivienda, Rogelio Frigerio, y los mandatarios Mar\u00eda Eugenia Vidal (Buenos Aires), Luc\u00eda Corpacci (Catamarca), Ricardo Colombi (Corrientes), Domingo Peppo (Chaco), Mario Das Neves (Chubut), Gustavo Bordet (Entre R\u00edos), Gildo Insfr\u00e1n (Formosa), Gerardo Morales (Jujuy), Carlos Verna (La Pampa), Sergio Casas (La Rioja), Alfredo Cornejo (Mendoza), Hugo Passalacqua (Misiones), Omar Guti\u00e9rrez (Neuqu\u00e9n), Alberto Weretilneck (R\u00edo Negro), Juan Manuel Urtubey (Salta), Sergio U\u00f1ac (San Juan), Juan Manzur (Tucum\u00e1n), Rosana Bertone (Tierra del Fuego) y Diego Santilli ( vicejefe de Gobierno de la ciudad de Buenos Aires).<\/p>\n<p>La gobernadora de Santa Cruz, Alicia Kirchner, firmar\u00e1 una vez que el convenio sea aprobado en la Legislatura de su provincia.\u00a0La mandataria de Santiago del Estero, Claudia Ledesma Abdala, no particip\u00f3 de la reuni\u00f3n por un problema de salud, pero asegur\u00f3 que en los pr\u00f3ximos d\u00edas firmar\u00e1 el acuerdo.\u00a0Adem\u00e1s, en la reuni\u00f3n tambi\u00e9n participaron los gobernadores de C\u00f3rdoba, Juan Schiaretti; de San Luis, Alberto Rodr\u00edguez Sa\u00e1, y de Santa Fe, Miguel Lifschitz, cuyas provincias ya reciben el 15% de la coparticipaci\u00f3n por fallos de la Corte Suprema de Justicia.<\/p>\n<p>El acuerdo prev\u00e9 la devoluci\u00f3n en forma progresiva y escalonada del 15 por ciento de la Coparticipaci\u00f3n durante los a\u00f1os 2016, 2017, 2018, 2019 y 2020, a raz\u00f3n de 3% anual, por lo que para 2020 \u00a0la detracci\u00f3n del Estado nacional en materia de fondos coparticipables ser\u00e1 del 0%. Entrar\u00e1 en vigencia una vez que sea refrendado por el Congreso Nacional y las legislaturas provinciales.<\/p>\n<p>La Naci\u00f3n podr\u00e1 hasta 2019 compensar de la masa de impuestos coparticipables devuelto \u00a0anualmente los cr\u00e9ditos que respecto de las provincias ostente a su favor, pero esa compensaci\u00f3n no podr\u00e1 superar el 50%.<\/p>\n<p>Si en 2020 alguna provincia tuviera deudas remanentes con la Naci\u00f3n que pudieran ser objeto de compensaci\u00f3n con los cr\u00e9ditos en concepto de coparticipaci\u00f3n federal, la compensaci\u00f3n no podr\u00e1 afectar m\u00e1s de un tercio de los ingresos que se generen a favor de dicha provincia.<\/p>\n<p>La Naci\u00f3n, adem\u00e1s, generar\u00e1 instrumentos necesarios y\/o instruir\u00e1, en su caso, al Fondo de Garant\u00eda de Sustentabilidad (FGS), para que se otorgue a las provincias un pr\u00e9stamo que ser\u00e1 equivalente a seis puntos porcentuales en el a\u00f1o 2016 (si no se aplicara la detracci\u00f3n del 15%), y de un monto equivalente a tres puntos porcentuales para cada uno de los per\u00edodos 2017, 2018 y 2019.<\/p>\n<p>Los intereses de dicho pr\u00e9stamo no se capitalizar\u00e1n y se devengar\u00e1n a partir del d\u00eda de cada desembolso, se pagar\u00e1n semestralmente y se calcular\u00e1n con una tasa del quince por ciento (15%) anual vencida para el a\u00f1o 2016 y 2017, y del 12% anual vencida para el a\u00f1o 2018 y 2019.<\/p>\n<p>Este pr\u00e9stamo se garantizar\u00e1 mediante la pertinente cesi\u00f3n de recursos coparticipables que le correspondan a la Provincia por cualquier concepto.<\/p>\n<h6>Fuente: La Ma\u00f1ana de C\u00f3rdoba<\/h6>\n","protected":false},"excerpt":{"rendered":"<p>Hasta 2020 se le devolver\u00e1n a las provincias 3 puntos por a\u00f1o de la masa de impuestos coparticipables. A partir de ese a\u00f1o, la detracci\u00f3n por parte de la Naci\u00f3n ser\u00e1 del 0%. <\/p>\n","protected":false},"author":2,"featured_media":48542,"comment_status":"closed","ping_status":"closed","sticky":false,"template":"","format":"standard","meta":{"footnotes":""},"categories":[65],"tags":[21],"class_list":["post-48539","post","type-post","status-publish","format-standard","has-post-thumbnail","hentry","category-provincias","tag-argentina"],"_links":{"self":[{"href":"http:\/\/argentinamunicipal.com.ar\/argentina\/wp-json\/wp\/v2\/posts\/48539","targetHints":{"allow":["GET"]}}],"collection":[{"href":"http:\/\/argentinamunicipal.com.ar\/argentina\/wp-json\/wp\/v2\/posts"}],"about":[{"href":"http:\/\/argentinamunicipal.com.ar\/argentina\/wp-json\/wp\/v2\/types\/post"}],"author":[{"embeddable":true,"href":"http:\/\/argentinamunicipal.com.ar\/argentina\/wp-json\/wp\/v2\/users\/2"}],"replies":[{"embeddable":true,"href":"http:\/\/argentinamunicipal.com.ar\/argentina\/wp-json\/wp\/v2\/comments?post=48539"}],"version-history":[{"count":0,"href":"http:\/\/argentinamunicipal.com.ar\/argentina\/wp-json\/wp\/v2\/posts\/48539\/revisions"}],"wp:featuredmedia":[{"embeddable":true,"href":"http:\/\/argentinamunicipal.com.ar\/argentina\/wp-json\/wp\/v2\/media\/48542"}],"wp:attachment":[{"href":"http:\/\/argentinamunicipal.com.ar\/argentina\/wp-json\/wp\/v2\/media?parent=48539"}],"wp:term":[{"taxonomy":"category","embeddable":true,"href":"http:\/\/argentinamunicipal.com.ar\/argentina\/wp-json\/wp\/v2\/categories?post=48539"},{"taxonomy":"post_tag","embeddable":true,"href":"http:\/\/argentinamunicipal.com.ar\/argentina\/wp-json\/wp\/v2\/tags?post=48539"}],"curies":[{"name":"wp","href":"https:\/\/api.w.org\/{rel}","templated":true}]}}