{"id":48546,"date":"2016-05-19T06:02:25","date_gmt":"2016-05-19T09:02:25","guid":{"rendered":"http:\/\/argentinamunicipal.com.ar\/argentina\/?p=48546"},"modified":"2016-05-19T07:04:36","modified_gmt":"2016-05-19T10:04:36","slug":"rafaela-lanzamiento-ciudades-emprender","status":"publish","type":"post","link":"http:\/\/argentinamunicipal.com.ar\/argentina\/rafaela-lanzamiento-ciudades-emprender\/","title":{"rendered":"Rafaela en el lanzamiento de \u00abCiudades para Emprender\u00bb"},"content":{"rendered":"<p>Ayer, en instalaciones del Museo Hist\u00f3rico Nacional, se llev\u00f3 a cabo el lanzamiento del programa \u00abCiudades para Emprender\u00bb, donde se dieron a conocer los principales lineamientos de este nuevo programa del Ministerio de la Producci\u00f3n que busca fortalecer y desarrollar capacidades emprendedoras en 30 ciudades de nuestro pa\u00eds durante este a\u00f1o.<\/p>\n<p>El encuentro, que estuvo encabezado por el secretario de Emprendedores y Pymes, Mariano Mayer, cont\u00f3 con la presencia de intendentes y funcionarios de todo el pa\u00eds, quienes coincidieron en abordar la innovaci\u00f3n y el desarrollo de habilidades emprendedoras como parte de la agenda p\u00fablica.<\/p>\n<p>El evento cont\u00f3 con un panel de exposici\u00f3n y debate, y es all\u00ed donde la ciudad de Rafaela tuvo su participaci\u00f3n siendo uno de los tres municipios elegidos para compartir su experiencia en el fomento de la cultura emprendedora y el desarrollo emprendedor.<\/p>\n<p>En este sentido, la Municipalidad de Rafaela, representada por Diego Peiretti, junto a los intendentes de Bariloche, Enrique Gennuso, y de Rivadavia, Javier Reynoso, profundizaron sobre la importancia de impulsar la creaci\u00f3n de nuevas empresas en la ciudades, atendiendo a la vocaci\u00f3n territorial y a la planificaci\u00f3n econ\u00f3mica estrat\u00e9gica.<br \/>\nLa moderaci\u00f3n de la actividad estuvo a cargo del periodista Sebasti\u00e1n Campanario, quien facilit\u00f3 el panel y luego abri\u00f3 un espacio de preguntas con los presentes.<\/p>\n<h6>Fuente: La Opini\u00f3n<\/h6>\n","protected":false},"excerpt":{"rendered":"<p>En instalaciones del Museo Hist\u00f3rico Nacional, se llev\u00f3 a cabo el lanzamiento del programa \u00abCiudades para Emprender\u00bb, donde se dieron a conocer los principales lineamientos de este nuevo programa del Ministerio de la Producci\u00f3n<\/p>\n","protected":false},"author":2,"featured_media":48547,"comment_status":"closed","ping_status":"closed","sticky":false,"template":"","format":"standard","meta":{"footnotes":""},"categories":[2],"tags":[10],"class_list":["post-48546","post","type-post","status-publish","format-standard","has-post-thumbnail","hentry","category-informe-municipal","tag-santa-fe"],"_links":{"self":[{"href":"http:\/\/argentinamunicipal.com.ar\/argentina\/wp-json\/wp\/v2\/posts\/48546","targetHints":{"allow":["GET"]}}],"collection":[{"href":"http:\/\/argentinamunicipal.com.ar\/argentina\/wp-json\/wp\/v2\/posts"}],"about":[{"href":"http:\/\/argentinamunicipal.com.ar\/argentina\/wp-json\/wp\/v2\/types\/post"}],"author":[{"embeddable":true,"href":"http:\/\/argentinamunicipal.com.ar\/argentina\/wp-json\/wp\/v2\/users\/2"}],"replies":[{"embeddable":true,"href":"http:\/\/argentinamunicipal.com.ar\/argentina\/wp-json\/wp\/v2\/comments?post=48546"}],"version-history":[{"count":0,"href":"http:\/\/argentinamunicipal.com.ar\/argentina\/wp-json\/wp\/v2\/posts\/48546\/revisions"}],"wp:featuredmedia":[{"embeddable":true,"href":"http:\/\/argentinamunicipal.com.ar\/argentina\/wp-json\/wp\/v2\/media\/48547"}],"wp:attachment":[{"href":"http:\/\/argentinamunicipal.com.ar\/argentina\/wp-json\/wp\/v2\/media?parent=48546"}],"wp:term":[{"taxonomy":"category","embeddable":true,"href":"http:\/\/argentinamunicipal.com.ar\/argentina\/wp-json\/wp\/v2\/categories?post=48546"},{"taxonomy":"post_tag","embeddable":true,"href":"http:\/\/argentinamunicipal.com.ar\/argentina\/wp-json\/wp\/v2\/tags?post=48546"}],"curies":[{"name":"wp","href":"https:\/\/api.w.org\/{rel}","templated":true}]}}