{"id":48559,"date":"2016-05-19T06:00:31","date_gmt":"2016-05-19T09:00:31","guid":{"rendered":"http:\/\/argentinamunicipal.com.ar\/argentina\/?p=48559"},"modified":"2016-05-19T07:26:57","modified_gmt":"2016-05-19T10:26:57","slug":"la-ley-emergencia-la-plata","status":"publish","type":"post","link":"http:\/\/argentinamunicipal.com.ar\/argentina\/la-ley-emergencia-la-plata\/","title":{"rendered":"Contra la ley de emergencia en La Plata"},"content":{"rendered":"<p>En La Plata, los sindicatos realizar\u00e1n una jornada de protesta para reclamar que la Legislatura no sancione la emergencia administrativa. Denuncian que la ley permitir\u00e1 despidos masivos y contratar nuevo personal precarizado.<\/p>\n<p>Los gremios bonaerenses de estatales, docentes, judiciales y trabajadores de la salud realizar\u00e1n hoy en La Plata una segunda jornada de protesta conjunta. Juntos contra el ajuste que impulsa la gobernadora Mar\u00eda Eugenia Vidal, marchar\u00e1n hasta la Legislatura, donde exigir\u00e1n a los diputados que no sancionen, en la sesi\u00f3n prevista para esta tarde, la ley de Emergencia Administrativa. La denuncian como una llave para habilitar despidos masivos y contratar nuevo personal, pero de manera m\u00e1s precarizada. Adem\u00e1s, aseguran que habilitar\u00e1 a que las empresas colonicen el Estado, con controles m\u00ednimos.<\/p>\n<p>Como la semana pasada, la protesta suma tambi\u00e9n reclamos sectoriales. Por ejemplo, los m\u00e9dicos, judiciales y estatales demandan que la provincia mejore su oferta de aumento salarial, llev\u00e1ndola por encima del 30 por ciento. Los docentes se\u00f1alan que \u201cen el sector de la Educaci\u00f3n, el ajuste se manifiesta en la baja de cupos para los comedores, con graves problemas en el transporte escolar, una falta total de recursos para infraestructura y cierre de los programas socioeducativos\u201d, enumer\u00f3 Ra\u00fal Calamante. El representante docente agreg\u00f3 que exigir\u00e1n \u201cla reapertura de las paritarias, ya que est\u00e1 vigente y vamos a emplear, la cl\u00e1usula de monitoreo\u201d, porque \u201ca esta altura del a\u00f1o la inflaci\u00f3n ya se comi\u00f3 nuestro salario\u201d.<\/p>\n<p>La marcha ser\u00e1 el cierre de una nueva semana de paros: los m\u00e9dicos y judiciales hicieron huelgas por 72 horas y ATE un paro de dos d\u00edas. En la manifestaci\u00f3n estar\u00e1n, adem\u00e1s de ATE, los estatales de Aemopba y Soeme y los docentes del Suteba, la FEB, Sadop (privados) y Udocba (CGT moyanista). Tambi\u00e9n se movilizar\u00e1n la Asociaci\u00f3n Judicial Bonaerense (AJB), los profesionales de la salud de la Cicop, el sindicato policial Sipoba y la comisi\u00f3n gremial del Banco Provincia.<\/p>\n<p>La ley de Emergencia Administrativa ya logr\u00f3 media sanci\u00f3n en el Senado, el 5 de mayo. El PRO asegura que el \u00fanico objetivo de la declaraci\u00f3n de la emergencia es acelerar los procesos de licitaci\u00f3n y adjudicaci\u00f3n de bienes y servicios, pero los gremios consideran que el proyecto \u201cabre la puerta para que el sector privado haga negocios masivamente en el Estado provincial\u201d.<\/p>\n<p>\u201cHay un cambio estructural en el Estado provincial. Van por el desguace para habilitar al sector privado a efectuar todo tipo de negociados con los funcionarios amigos, sin ning\u00fan tipo de control\u201d, asegur\u00f3 el secretario General de ATE provincia, Oscar de Isasi.<\/p>\n<p>Los dirigentes de ATE plantean, adem\u00e1s, que con esta ley \u201c10 mil trabajadores quedar\u00e1n bajo amenaza de despido\u201d.<\/p>\n<h6>Fuente: P\u00e1gina 12<\/h6>\n","protected":false},"excerpt":{"rendered":"<p>En La Plata, los sindicatos realizar\u00e1n una jornada de protesta para reclamar que la Legislatura no sancione la emergencia administrativa. Denuncian que la ley permitir\u00e1 despidos masivos y contratar nuevo personal precarizado.<\/p>\n","protected":false},"author":2,"featured_media":48560,"comment_status":"closed","ping_status":"closed","sticky":false,"template":"","format":"standard","meta":{"footnotes":""},"categories":[4],"tags":[12],"class_list":["post-48559","post","type-post","status-publish","format-standard","has-post-thumbnail","hentry","category-informe-politico","tag-buenos-aires"],"_links":{"self":[{"href":"http:\/\/argentinamunicipal.com.ar\/argentina\/wp-json\/wp\/v2\/posts\/48559","targetHints":{"allow":["GET"]}}],"collection":[{"href":"http:\/\/argentinamunicipal.com.ar\/argentina\/wp-json\/wp\/v2\/posts"}],"about":[{"href":"http:\/\/argentinamunicipal.com.ar\/argentina\/wp-json\/wp\/v2\/types\/post"}],"author":[{"embeddable":true,"href":"http:\/\/argentinamunicipal.com.ar\/argentina\/wp-json\/wp\/v2\/users\/2"}],"replies":[{"embeddable":true,"href":"http:\/\/argentinamunicipal.com.ar\/argentina\/wp-json\/wp\/v2\/comments?post=48559"}],"version-history":[{"count":0,"href":"http:\/\/argentinamunicipal.com.ar\/argentina\/wp-json\/wp\/v2\/posts\/48559\/revisions"}],"wp:featuredmedia":[{"embeddable":true,"href":"http:\/\/argentinamunicipal.com.ar\/argentina\/wp-json\/wp\/v2\/media\/48560"}],"wp:attachment":[{"href":"http:\/\/argentinamunicipal.com.ar\/argentina\/wp-json\/wp\/v2\/media?parent=48559"}],"wp:term":[{"taxonomy":"category","embeddable":true,"href":"http:\/\/argentinamunicipal.com.ar\/argentina\/wp-json\/wp\/v2\/categories?post=48559"},{"taxonomy":"post_tag","embeddable":true,"href":"http:\/\/argentinamunicipal.com.ar\/argentina\/wp-json\/wp\/v2\/tags?post=48559"}],"curies":[{"name":"wp","href":"https:\/\/api.w.org\/{rel}","templated":true}]}}