{"id":4856,"date":"2014-03-26T08:30:51","date_gmt":"2014-03-26T11:30:51","guid":{"rendered":"http:\/\/argentinamunicipal.com.ar\/argentina\/?p=4856"},"modified":"2014-03-25T09:54:40","modified_gmt":"2014-03-25T12:54:40","slug":"el-municipio-quiere-limitar-el-avance-de-las-ferias-urbanas-en-san-miguel-de-tucuman","status":"publish","type":"post","link":"http:\/\/argentinamunicipal.com.ar\/argentina\/el-municipio-quiere-limitar-el-avance-de-las-ferias-urbanas-en-san-miguel-de-tucuman\/","title":{"rendered":"El municipio quiere limitar el avance de las ferias urbanas en San Miguel de Tucum\u00e1n"},"content":{"rendered":"<div id=\"attachment_4857\" style=\"width: 324px\" class=\"wp-caption alignleft\"><a href=\"http:\/\/argentinamunicipal.com.ar\/argentina\/wp-content\/uploads\/2014\/03\/tmb2_584102_201403242226570000001.jpg\"><img loading=\"lazy\" decoding=\"async\" aria-describedby=\"caption-attachment-4857\" class=\"size-full wp-image-4857\" alt=\"El crecimiento de la feria en la plaza San Mart\u00edn gener\u00f3 quejas de vecinos y oblig\u00f3 a las autoridades a desalojar a los manteros. \" src=\"http:\/\/argentinamunicipal.com.ar\/argentina\/wp-content\/uploads\/2014\/03\/tmb2_584102_201403242226570000001.jpg\" width=\"314\" height=\"209\" srcset=\"http:\/\/argentinamunicipal.com.ar\/argentina\/wp-content\/uploads\/2014\/03\/tmb2_584102_201403242226570000001.jpg 314w, http:\/\/argentinamunicipal.com.ar\/argentina\/wp-content\/uploads\/2014\/03\/tmb2_584102_201403242226570000001-300x199.jpg 300w\" sizes=\"auto, (max-width: 314px) 100vw, 314px\" \/><\/a><p id=\"caption-attachment-4857\" class=\"wp-caption-text\">El crecimiento de la feria en la plaza San Mart\u00edn gener\u00f3 quejas de vecinos y oblig\u00f3 a las autoridades a desalojar a los manteros.<\/p><\/div>\n<p>\u201cSe van a reforzar los controles, porque todo lo que est\u00e1 fuera de la ley no va a ser tolerado\u201d, advierte el secretario de Gobierno. La Municipalidad pretende reubicar a los manteros de la plaza San Mart\u00edn e intentar\u00e1 ordenar la zona de Villa Luj\u00e1n. La informalidad preocupa a los empresarios<\/p>\n<p>El empresariado de la capital tucumana est\u00e1 conforme con el operativo dispuesto por la Municipalidad, con la colaboraci\u00f3n de la Polic\u00eda, para mantener despejado el microcentro de la presencia de vendedores ambulantes. Sin embargo, en el sector se muestran preocupados por la proliferaci\u00f3n de las ferias a cielo abierto en las plazas y otros espacios p\u00fablicos, donde el comercio informal encontr\u00f3 un nuevo terreno para florecer.<\/p>\n<p>En este contexto, desde la Intendencia anunciaron que se intensificar\u00e1n los controles para ponerle un freno al avance de las \u201csaladitas\u201d, seg\u00fan indic\u00f3 a LA GACETA el secretario de gobierno capitalino, Germ\u00e1n Alfaro.<\/p>\n<p>Una de las medidas adoptadas por las autoridades municipales fue despejar la plaza San Mart\u00edn, en barrio Sur, donde desde hace unos meses, funcionaba los fines de semana una peque\u00f1a feria de venta de ropa usada, que fue creciendo hasta convertirse en un gran centro de comercio informal de todo tipo de art\u00edculos, seg\u00fan reconoci\u00f3 el funcionario.<\/p>\n<p>\u201cRecibimos reclamos del vecindario y de los comerciantes de la zona, y se decidi\u00f3 actuar sacando a los manteros de la plaza San Mart\u00edn para trasladarlos a la zona de la ex estaci\u00f3n El Provincial, sobre la avenida Roca\u201d, precis\u00f3 Alfaro. Pese al anuncio, se pudo constatar que el fin de semana los puesteros se instalaron nuevamente en esa plaza.<\/p>\n<p>El secretario de Gobierno municipal reconoci\u00f3 que \u201cest\u00e1n apareciendo ferias nuevas\u201d en algunas plazas y espacios p\u00fablicos. Ante esa situaci\u00f3n, afirm\u00f3 que \u201cse van a reforzar los controles, porque todo lo que est\u00e9 fuera de la ley no va a ser tolerado\u201d. \u201cAs\u00ed, como despejamos la plaza San Mart\u00edn y clausuramos definitivamente Supernor (en avenida Roca y Entre R\u00edos) y un local de calle Buenos Aires primera cuadra, donde se hab\u00edan instalado sin habilitaci\u00f3n algunos ambulantes, vamos a ponerle freno a la ilegalidad\u201d, sentenci\u00f3.<\/p>\n<p>Alfaro expres\u00f3 que la Municipalidad encar\u00f3 un \u201cplan de reorganizaci\u00f3n\u201d para que las ferias dejen de funcionar como lo vienen haciendo ahora. \u201cVamos a limitar la actividad, a organizar el tema de otra manera\u201d, sostuvo y adelant\u00f3 que est\u00e1 prevista una reuni\u00f3n con los feriantes de la plaza de Villa Luj\u00e1n, una de las primeras \u201csaladitas\u201d que se mont\u00f3 en la capital tucumana. \u201cQueremos recuperar el orden y la legalidad dentro del municipio\u201d, insisti\u00f3 el funcionario amayista.<\/p>\n<h3>Reclamo empresarial<\/h3>\n<p>Seg\u00fan un informe elaborado por la C\u00e1mara Argentina de la Mediana Empresa (CAME), a partir de datos brindados por la Federaci\u00f3n Econ\u00f3mica de Tucum\u00e1n (FET), hab\u00eda 1.882 puntos de comercio informal en la ciudad, con 11 ferias y 375 puestos callejeros. En enero de este a\u00f1o, se produjo la erradicaci\u00f3n de los vendedores ambulantes del microcentro; pero la medida fue acompa\u00f1ada por un crecimiento en el n\u00famero de ferias en plazas y otros espacios p\u00fablicos.<\/p>\n<p>\u201cEstamos preocupados por el avance del comercio informal en estas ferias. El tema est\u00e1 en manos de la Municipalidad y sabemos que se est\u00e1n tomando cartas en el asunto, como sucedi\u00f3 con la plaza San Mart\u00edn; pero es importante que se logre en las plazas y espacios p\u00fablicos el mismo resultado que en el microcentro, donde se erradic\u00f3 la actividad ilegal\u201d, dijo Ra\u00fal Fioretti, presidente de la C\u00e1mara de Comercio de San Miguel de Tucum\u00e1n.<\/p>\n<p>Por su parte, V\u00edctor Brodercen, titular de la rama Comercio de la FET, coincidi\u00f3 en que hay algunas plazas de la ciudad que \u201cest\u00e1n tomadas por los manteros\u201d. Y opin\u00f3 que \u201clas autoridades deben tomar medidas para impedir que esto siga avanzando\u201d.<\/p>\n<p>En esa l\u00ednea, el empresario coment\u00f3 que est\u00e1n avanzando con el proyecto para la creaci\u00f3n de centros comerciales a cielo abierto en las peatonales de la ciudad. \u201cEs un tema que se est\u00e1 consensuando con la municipalidad de San Miguel de Tucum\u00e1n, para cambiar de una vez por todas el microcentro, con m\u00e1s orden, iluminaci\u00f3n y se\u00f1alizaci\u00f3n. En 2016 llega el Papa a Tucum\u00e1n y necesitamos que la ciudad muestre otra imagen en la zona del casco hist\u00f3rico\u201d, argument\u00f3.<\/p>\n<p>Brodercen se mostr\u00f3 de acuerdo con la posibilidad de que los ambulantes sean reubicados en el Predio Ferial, en la zona de El Bajo \u201csiempre y cuando se trabaje l\u00edcitamente, pagando impuestos y demostrando el origen de la mercader\u00eda que comercialicen\u201d.<\/p>\n<h6>Fuente: La Gaceta<\/h6>\n","protected":false},"excerpt":{"rendered":"<p>\u201cSe van a reforzar los controles, porque todo lo que est\u00e1 fuera de la ley no va a ser tolerado\u201d, advierte el secretario de Gobierno. La Municipalidad pretende reubicar a los manteros de la plaza San Mart\u00edn e intentar\u00e1 ordenar la zona de Villa Luj\u00e1n. La informalidad preocupa a los empresarios El empresariado de la<\/p>\n","protected":false},"author":2,"featured_media":4857,"comment_status":"closed","ping_status":"closed","sticky":false,"template":"","format":"standard","meta":{"footnotes":""},"categories":[2],"tags":[33],"class_list":["post-4856","post","type-post","status-publish","format-standard","has-post-thumbnail","hentry","category-informe-municipal","tag-tucuman"],"_links":{"self":[{"href":"http:\/\/argentinamunicipal.com.ar\/argentina\/wp-json\/wp\/v2\/posts\/4856","targetHints":{"allow":["GET"]}}],"collection":[{"href":"http:\/\/argentinamunicipal.com.ar\/argentina\/wp-json\/wp\/v2\/posts"}],"about":[{"href":"http:\/\/argentinamunicipal.com.ar\/argentina\/wp-json\/wp\/v2\/types\/post"}],"author":[{"embeddable":true,"href":"http:\/\/argentinamunicipal.com.ar\/argentina\/wp-json\/wp\/v2\/users\/2"}],"replies":[{"embeddable":true,"href":"http:\/\/argentinamunicipal.com.ar\/argentina\/wp-json\/wp\/v2\/comments?post=4856"}],"version-history":[{"count":0,"href":"http:\/\/argentinamunicipal.com.ar\/argentina\/wp-json\/wp\/v2\/posts\/4856\/revisions"}],"wp:featuredmedia":[{"embeddable":true,"href":"http:\/\/argentinamunicipal.com.ar\/argentina\/wp-json\/wp\/v2\/media\/4857"}],"wp:attachment":[{"href":"http:\/\/argentinamunicipal.com.ar\/argentina\/wp-json\/wp\/v2\/media?parent=4856"}],"wp:term":[{"taxonomy":"category","embeddable":true,"href":"http:\/\/argentinamunicipal.com.ar\/argentina\/wp-json\/wp\/v2\/categories?post=4856"},{"taxonomy":"post_tag","embeddable":true,"href":"http:\/\/argentinamunicipal.com.ar\/argentina\/wp-json\/wp\/v2\/tags?post=4856"}],"curies":[{"name":"wp","href":"https:\/\/api.w.org\/{rel}","templated":true}]}}