{"id":48589,"date":"2016-05-19T08:09:02","date_gmt":"2016-05-19T11:09:02","guid":{"rendered":"http:\/\/argentinamunicipal.com.ar\/argentina\/?p=48589"},"modified":"2016-05-19T08:09:02","modified_gmt":"2016-05-19T11:09:02","slug":"advierten-10-ciento-pymes-se-fundio-cinco-meses","status":"publish","type":"post","link":"http:\/\/argentinamunicipal.com.ar\/argentina\/advierten-10-ciento-pymes-se-fundio-cinco-meses\/","title":{"rendered":"Advierten que 10 por ciento de pymes se fundi\u00f3 en cinco meses"},"content":{"rendered":"<p>Las causas son el tarifazo en los servicios p\u00fablicos, la inflaci\u00f3n y la \u00abalt\u00edsima presi\u00f3n tributaria\u00bb, de acuerdo con un informe de la Federaci\u00f3n Econ\u00f3mica de la Ciudad de Buenos Aires.<\/p>\n<p>El 10% de las pymes del pa\u00eds se fundii\u00f3 en apenas cinco meses, a ra\u00edz del tarifazo en los servicios p\u00fablicos, la inflaci\u00f3n y la \u00abalt\u00edsima presi\u00f3n tributaria\u00bb, de acuerdo con un informe de la Federaci\u00f3n Econ\u00f3mica de la Ciudad de Buenos Aires (FECIBA).<\/p>\n<p>Los datos surgieron de un relevamiento interno llevado a cabo por FECIBA y sus c\u00e1maras asociadas, desde el 1 de enero hasta el 10 de mayo pasado.<\/p>\n<p>El sondeo aclar\u00f3 que \u00abfundidas\u00bb no significa \u00abcerradas\u00bb, porque \u00absi bien hay much\u00edsimas que suspendieron las actividades (alrededor de un 4,4 % del total), el restante 5,6 % \u00abmantiene una producci\u00f3n m\u00ednima con un reducido plantel de trabajadores, en el caso de las industriales, y baj\u00f3 la calidad y la cantidad de sus prestaciones, en aquellas que se dedican a brindar servicios\u00bb.<\/p>\n<p>El informe detall\u00f3 que \u00abla inflaci\u00f3n de productos y materias primas, la indexaci\u00f3n de facturas por parte de las empresas concentradas, las subas desmedidas en las tarifas de los servicios p\u00fablicos y los combustibles, la alt\u00edsima presi\u00f3n tributaria y una sustancial baja en las ventas, ocupan los primeros puestos entre las causas que est\u00e1n desmoronando el capital de las peque\u00f1as industrias\u00bb.<\/p>\n<p>Adem\u00e1s, resalt\u00f3 que durante el primer cuatrimestre, las ventas se precipitaron cerca de un 30 % y que el empleo \u00abpor goteo\u00bb en las peque\u00f1as y medianas empresas cay\u00f3 m\u00e1s del 8 %, en relaci\u00f3n al mismo per\u00edodo del a\u00f1o anterior.<\/p>\n<h6>Fuente: La Ma\u00f1ana de C\u00f3rdoba<\/h6>\n","protected":false},"excerpt":{"rendered":"<p>Las causas son el tarifazo en los servicios p\u00fablicos, la inflaci\u00f3n y la \u00abalt\u00edsima presi\u00f3n tributaria\u00bb, de acuerdo con un informe de la Federaci\u00f3n Econ\u00f3mica de la Ciudad de Buenos Aires.<\/p>\n","protected":false},"author":2,"featured_media":48590,"comment_status":"closed","ping_status":"closed","sticky":false,"template":"","format":"standard","meta":{"footnotes":""},"categories":[8],"tags":[21],"class_list":["post-48589","post","type-post","status-publish","format-standard","has-post-thumbnail","hentry","category-informe-nacional","tag-argentina"],"_links":{"self":[{"href":"http:\/\/argentinamunicipal.com.ar\/argentina\/wp-json\/wp\/v2\/posts\/48589","targetHints":{"allow":["GET"]}}],"collection":[{"href":"http:\/\/argentinamunicipal.com.ar\/argentina\/wp-json\/wp\/v2\/posts"}],"about":[{"href":"http:\/\/argentinamunicipal.com.ar\/argentina\/wp-json\/wp\/v2\/types\/post"}],"author":[{"embeddable":true,"href":"http:\/\/argentinamunicipal.com.ar\/argentina\/wp-json\/wp\/v2\/users\/2"}],"replies":[{"embeddable":true,"href":"http:\/\/argentinamunicipal.com.ar\/argentina\/wp-json\/wp\/v2\/comments?post=48589"}],"version-history":[{"count":0,"href":"http:\/\/argentinamunicipal.com.ar\/argentina\/wp-json\/wp\/v2\/posts\/48589\/revisions"}],"wp:featuredmedia":[{"embeddable":true,"href":"http:\/\/argentinamunicipal.com.ar\/argentina\/wp-json\/wp\/v2\/media\/48590"}],"wp:attachment":[{"href":"http:\/\/argentinamunicipal.com.ar\/argentina\/wp-json\/wp\/v2\/media?parent=48589"}],"wp:term":[{"taxonomy":"category","embeddable":true,"href":"http:\/\/argentinamunicipal.com.ar\/argentina\/wp-json\/wp\/v2\/categories?post=48589"},{"taxonomy":"post_tag","embeddable":true,"href":"http:\/\/argentinamunicipal.com.ar\/argentina\/wp-json\/wp\/v2\/tags?post=48589"}],"curies":[{"name":"wp","href":"https:\/\/api.w.org\/{rel}","templated":true}]}}