{"id":4859,"date":"2014-03-26T09:57:04","date_gmt":"2014-03-26T12:57:04","guid":{"rendered":"http:\/\/argentinamunicipal.com.ar\/argentina\/?p=4859"},"modified":"2014-03-25T09:58:52","modified_gmt":"2014-03-25T12:58:52","slug":"el-municipio-de-ushuaia-y-abe-trabajan-en-proyecto-para-forestacion-con-especies-nativas","status":"publish","type":"post","link":"http:\/\/argentinamunicipal.com.ar\/argentina\/el-municipio-de-ushuaia-y-abe-trabajan-en-proyecto-para-forestacion-con-especies-nativas\/","title":{"rendered":"El Municipio de Ushuaia y ABE trabajan en proyecto para forestaci\u00f3n con especies nativas"},"content":{"rendered":"<div id=\"attachment_4860\" style=\"width: 410px\" class=\"wp-caption alignright\"><a href=\"http:\/\/argentinamunicipal.com.ar\/argentina\/wp-content\/uploads\/2014\/03\/d400_W0481blrh6qra6f40qyoqyy.jpg\"><img loading=\"lazy\" decoding=\"async\" aria-describedby=\"caption-attachment-4860\" class=\"size-full wp-image-4860\" alt=\"\u201cTodos los proyectos que impliquen el cuidado y fomento de las especies nativas para nosotros es muy importante y valoramos mucho que asociaciones como ABE se acerquen para trabajar en conjunto\u201d, destac\u00f3 Rubinos.\" src=\"http:\/\/argentinamunicipal.com.ar\/argentina\/wp-content\/uploads\/2014\/03\/d400_W0481blrh6qra6f40qyoqyy.jpg\" width=\"400\" height=\"267\" srcset=\"http:\/\/argentinamunicipal.com.ar\/argentina\/wp-content\/uploads\/2014\/03\/d400_W0481blrh6qra6f40qyoqyy.jpg 400w, http:\/\/argentinamunicipal.com.ar\/argentina\/wp-content\/uploads\/2014\/03\/d400_W0481blrh6qra6f40qyoqyy-300x200.jpg 300w\" sizes=\"auto, (max-width: 400px) 100vw, 400px\" \/><\/a><p id=\"caption-attachment-4860\" class=\"wp-caption-text\">\u201cTodos los proyectos que impliquen el cuidado y fomento de las especies nativas para nosotros es muy importante y valoramos mucho que asociaciones como ABE se acerquen para trabajar en conjunto\u201d, destac\u00f3 Rubinos.<\/p><\/div>\n<p>Su objetivo es llevar cabo una concientizaci\u00f3n hacia la comunidad en general y en los colegios a trav\u00e9s de la forestaci\u00f3n de especies nativas en la reserva natural Bah\u00eda Encerrada. El Municipio brind\u00f3 su aval y podr\u00eda participar como co inversor del mismo.<\/p>\n<p>El secretario de Gobierno Oscar Rubinos mantuvo un encuentro con los representantes de la Asociaci\u00f3n Bah\u00eda Encerrada ABE. Participaron del encuentro Esteban Daniel, Estela Dom\u00ednguez y Liliana Ponce de la Asociaci\u00f3n y Guillermo Worman, representante del Plan de Manejo Costero.<\/p>\n<p>En el encuentro la Asociaci\u00f3n plante\u00f3 la posibilidad de presentar un proyecto con el aval del Municipio para lograr la financiaci\u00f3n a trav\u00e9s de la Ley Nacional de Bosque. El proyecto tiene como objetivo realizar una forestaci\u00f3n de especies nativas en la reserva natural Bah\u00eda Encerrada, llevar a cabo una acci\u00f3n de concientizaci\u00f3n hacia la comunidad, y una extensi\u00f3n educativa hacia los colegios sobre la flora y fauna de la \u00fanica reserva natural urbana.<\/p>\n<p>Por su parte el Secretario manifest\u00f3 su apoyo al proyecto para ser elevado a Naci\u00f3n y lo consider\u00f3 viable para participar en la co inversi\u00f3n. \u201cTodos los proyectos que impliquen el cuidado y fomento de las especies nativas para nosotros es muy importante y valoramos mucho que asociaciones como ABE se acerquen para trabajar en conjunto\u201d, destac\u00f3 Rubinos.<\/p>\n<h6>Fuente: Provincia 23<\/h6>\n","protected":false},"excerpt":{"rendered":"<p>Su objetivo es llevar cabo una concientizaci\u00f3n hacia la comunidad en general y en los colegios a trav\u00e9s de la forestaci\u00f3n de especies nativas en la reserva natural Bah\u00eda Encerrada. El Municipio brind\u00f3 su aval y podr\u00eda participar como co inversor del mismo. El secretario de Gobierno Oscar Rubinos mantuvo un encuentro con los representantes<\/p>\n","protected":false},"author":2,"featured_media":4860,"comment_status":"closed","ping_status":"closed","sticky":false,"template":"","format":"standard","meta":{"footnotes":""},"categories":[2],"tags":[34],"class_list":["post-4859","post","type-post","status-publish","format-standard","has-post-thumbnail","hentry","category-informe-municipal","tag-tierra-del-fuego"],"_links":{"self":[{"href":"http:\/\/argentinamunicipal.com.ar\/argentina\/wp-json\/wp\/v2\/posts\/4859","targetHints":{"allow":["GET"]}}],"collection":[{"href":"http:\/\/argentinamunicipal.com.ar\/argentina\/wp-json\/wp\/v2\/posts"}],"about":[{"href":"http:\/\/argentinamunicipal.com.ar\/argentina\/wp-json\/wp\/v2\/types\/post"}],"author":[{"embeddable":true,"href":"http:\/\/argentinamunicipal.com.ar\/argentina\/wp-json\/wp\/v2\/users\/2"}],"replies":[{"embeddable":true,"href":"http:\/\/argentinamunicipal.com.ar\/argentina\/wp-json\/wp\/v2\/comments?post=4859"}],"version-history":[{"count":0,"href":"http:\/\/argentinamunicipal.com.ar\/argentina\/wp-json\/wp\/v2\/posts\/4859\/revisions"}],"wp:featuredmedia":[{"embeddable":true,"href":"http:\/\/argentinamunicipal.com.ar\/argentina\/wp-json\/wp\/v2\/media\/4860"}],"wp:attachment":[{"href":"http:\/\/argentinamunicipal.com.ar\/argentina\/wp-json\/wp\/v2\/media?parent=4859"}],"wp:term":[{"taxonomy":"category","embeddable":true,"href":"http:\/\/argentinamunicipal.com.ar\/argentina\/wp-json\/wp\/v2\/categories?post=4859"},{"taxonomy":"post_tag","embeddable":true,"href":"http:\/\/argentinamunicipal.com.ar\/argentina\/wp-json\/wp\/v2\/tags?post=4859"}],"curies":[{"name":"wp","href":"https:\/\/api.w.org\/{rel}","templated":true}]}}