{"id":486,"date":"2014-02-10T13:21:31","date_gmt":"2014-02-10T16:21:31","guid":{"rendered":"http:\/\/argentinamunicipal.com.ar\/argentina\/?p=486"},"modified":"2014-02-10T13:21:31","modified_gmt":"2014-02-10T16:21:31","slug":"en-gira-por-el-interior-funcionarios-de-corrientes-destacan-equilibrio-de-las-cuentas","status":"publish","type":"post","link":"http:\/\/argentinamunicipal.com.ar\/argentina\/en-gira-por-el-interior-funcionarios-de-corrientes-destacan-equilibrio-de-las-cuentas\/","title":{"rendered":"En gira por el interior, funcionarios de Corrientes destacan equilibrio de las cuentas"},"content":{"rendered":"<p><a href=\"http:\/\/argentinamunicipal.com.ar\/argentina\/wp-content\/uploads\/2014\/02\/961019.jpg\"><img loading=\"lazy\" decoding=\"async\" class=\"aligncenter size-full wp-image-487\" alt=\"961019\" src=\"http:\/\/argentinamunicipal.com.ar\/argentina\/wp-content\/uploads\/2014\/02\/961019.jpg\" width=\"718\" height=\"384\" srcset=\"http:\/\/argentinamunicipal.com.ar\/argentina\/wp-content\/uploads\/2014\/02\/961019.jpg 718w, http:\/\/argentinamunicipal.com.ar\/argentina\/wp-content\/uploads\/2014\/02\/961019-300x160.jpg 300w\" sizes=\"auto, (max-width: 718px) 100vw, 718px\" \/><\/a><\/p>\n<p>El Gobierno provincial traslad\u00f3 tranquilidad a jefes comunales del interior, en medio de los cruces con la oposici\u00f3n por la coyuntura econ\u00f3mica. El titular de Hacienda afirm\u00f3 que las cuentas fiscales est\u00e1n \u201cprolijas y equilibradas\u201d. Ma\u00f1ana se re\u00fanen en Virasoro.<\/p>\n<p>En medio de la incertidumbre generada por los cruces entre oficialismo y oposici\u00f3n por las frecuentes advertencias de emisi\u00f3n de cuasimonedas formuladas por el gobernador Ricardo Colombi, funcionarios del Ejecutivo provincial salieron de gira por el interior para exponer ante jefes comunales y ediles el estado real del escenario econ\u00f3mico local, y con ello trasladarles tranquilidad.<\/p>\n<p>Los ministros Coordinador de Gabinete Eduardo Vischi, de Hacienda Jos\u00e9 Enrique Vaz Torres; junto con el diputado nacional y vicepresidente 1\u00ba del Comit\u00e9 Nacional de la Uni\u00f3n C\u00edvica Radical (UCR) Agust\u00edn Portela, legisladores y funcionarios provinciales; encabezaron la reuni\u00f3n de intendentes y concejales de Encuentro por Corrientes (ECO) de la regi\u00f3n sur de la provincia de Corrientes, que se realiz\u00f3 el pasado fin de semana en la localidad de Santa Luc\u00eda.<\/p>\n<p>En el marco del desarrollo del encuentro, el titular de la cartera econ\u00f3mica provincial Jos\u00e9 Enrique Vaz Torres, brind\u00f3 un pormenorizado an\u00e1lisis sobre la crisis econ\u00f3mica nacional y expuso sobre c\u00f3mo afecta a las provincias. En ese complicado contexto, advirti\u00f3 sobre la importancia de mantener las cuentas en orden \u201ccomo viene haciendo el gobernador Ricardo Colombi\u201d. En tal sentido, consider\u00f3 que \u201cla previsibilidad del gobernador y la prolijidad financiera, son acciones muy valiosas\u201d.<\/p>\n<p>Las afirmaciones de Vaz Torres tienen lugar en medio de un clima enrarecido por las permanentes advertencias del Mandatario sobre la emisi\u00f3n de bonos. Colombi, en su \u00faltima aparici\u00f3n medi\u00e1tica durante su visita a Bella Vista, afirm\u00f3 que las cuasimonedas podr\u00edan circular en Corrientes \u201ca partir de marzo o abril\u201d y que ser\u00edan empleadas para cancelar cualquier tipo de obligaciones del Estado, sueldos incluidos.<\/p>\n<p>Pese a ello, en el encuentro con ediles e intendentes desarrollado en Santa Luc\u00eda, el Ministro destac\u00f3 \u201cla prolijidad financiera y la previsibilidad de no gastar m\u00e1s de lo que se tiene\u201d como impronta de la gesti\u00f3n Colombi, porque \u201cmarcan a Corrientes como la \u00fanica provincia seria, ordenada y capaz de enfrentar con autoridad los desequilibrios de una Presidente ausente que cada vez que aparece desconoce a su propio entorno\u201d, agreg\u00f3.<\/p>\n<p>A su vez, explic\u00f3 a los presentes que, \u201cla fiesta del Gobierno nacional dur\u00f3 demasiado tiempo y eso afect\u00f3 a la econom\u00eda\u201d. Para mayor ilustraci\u00f3n, parangon\u00f3 la situaci\u00f3n actual con la de \u201cpa\u00edses vecinos, que no tienen este nivel de crisis econ\u00f3mica\u201d. \u201cSi los \u00fanicos que tenemos problemas somos nosotros, es se\u00f1al de que hay mala administraci\u00f3n\u201d, endilg\u00f3.<\/p>\n<p>\u201cEste estad\u00edo que estamos viviendo se denomina estanflaci\u00f3n y es el paso previo a la hiperinflaci\u00f3n\u201d alert\u00f3 el Ministro, aunque aclar\u00f3 que \u201cla crisis econ\u00f3mica nacional afecta a la provincia, pero el manejo responsable de las finanzas de la administraci\u00f3n de Ricardo Colombi, puede ayudarnos a sortearla\u201d.<\/p>\n<p>Ello, porque \u201choy nuestra deuda estructural con la Naci\u00f3n es menor que lo que nos deben\u201d. \u201cA qui\u00e9n vamos a tener miedo los correntinos\u201d inquiri\u00f3, a la vez que pidi\u00f3 al poder central que sea \u201csolidariamente federal y coparticipe lo que corresponde a las provincias\u201d, finaliz\u00f3.<\/p>\n<pre>Fuente: Diario Epoca<\/pre>\n","protected":false},"excerpt":{"rendered":"<p>El Gobierno provincial traslad\u00f3 tranquilidad a jefes comunales del interior, en medio de los cruces con la oposici\u00f3n por la coyuntura econ\u00f3mica. El titular de Hacienda afirm\u00f3 que las cuentas fiscales est\u00e1n \u201cprolijas y equilibradas\u201d. Ma\u00f1ana se re\u00fanen en Virasoro. En medio de la incertidumbre generada por los cruces entre oficialismo y oposici\u00f3n por las<\/p>\n","protected":false},"author":1,"featured_media":487,"comment_status":"closed","ping_status":"closed","sticky":false,"template":"","format":"standard","meta":{"footnotes":""},"categories":[5],"tags":[13],"class_list":["post-486","post","type-post","status-publish","format-standard","has-post-thumbnail","hentry","category-informe-economico","tag-corrientes"],"_links":{"self":[{"href":"http:\/\/argentinamunicipal.com.ar\/argentina\/wp-json\/wp\/v2\/posts\/486","targetHints":{"allow":["GET"]}}],"collection":[{"href":"http:\/\/argentinamunicipal.com.ar\/argentina\/wp-json\/wp\/v2\/posts"}],"about":[{"href":"http:\/\/argentinamunicipal.com.ar\/argentina\/wp-json\/wp\/v2\/types\/post"}],"author":[{"embeddable":true,"href":"http:\/\/argentinamunicipal.com.ar\/argentina\/wp-json\/wp\/v2\/users\/1"}],"replies":[{"embeddable":true,"href":"http:\/\/argentinamunicipal.com.ar\/argentina\/wp-json\/wp\/v2\/comments?post=486"}],"version-history":[{"count":0,"href":"http:\/\/argentinamunicipal.com.ar\/argentina\/wp-json\/wp\/v2\/posts\/486\/revisions"}],"wp:featuredmedia":[{"embeddable":true,"href":"http:\/\/argentinamunicipal.com.ar\/argentina\/wp-json\/wp\/v2\/media\/487"}],"wp:attachment":[{"href":"http:\/\/argentinamunicipal.com.ar\/argentina\/wp-json\/wp\/v2\/media?parent=486"}],"wp:term":[{"taxonomy":"category","embeddable":true,"href":"http:\/\/argentinamunicipal.com.ar\/argentina\/wp-json\/wp\/v2\/categories?post=486"},{"taxonomy":"post_tag","embeddable":true,"href":"http:\/\/argentinamunicipal.com.ar\/argentina\/wp-json\/wp\/v2\/tags?post=486"}],"curies":[{"name":"wp","href":"https:\/\/api.w.org\/{rel}","templated":true}]}}