{"id":48621,"date":"2016-05-19T09:28:01","date_gmt":"2016-05-19T12:28:01","guid":{"rendered":"http:\/\/argentinamunicipal.com.ar\/argentina\/?p=48621"},"modified":"2016-05-19T09:28:01","modified_gmt":"2016-05-19T12:28:01","slug":"48621-2","status":"publish","type":"post","link":"http:\/\/argentinamunicipal.com.ar\/argentina\/48621-2\/","title":{"rendered":"Gobierno de Santa Fe present\u00f3 la Ley de Creaci\u00f3n de \u00c1reas Metropolitanas"},"content":{"rendered":"<p>&nbsp;<\/p>\n<p>Miguel Lifschitz, present\u00f3 este martes en la ciudad de Santa Fe los alcances de la Ley Provincial de Creaci\u00f3n de \u00c1reas Metropolitanas. En Casa Gris, el gobernador dijo\u00a0que \u201ca partir de este proyecto, las localidades pr\u00f3ximas a las ciudades cabeceras de los nodos, tienen la posibilidad de ponerse en contacto y buscar mecanismos de co-gesti\u00f3n y de trabajo en com\u00fan\u201d.<\/p>\n<p>\u201cLa ley est\u00e1 pensada respetando la autonom\u00eda de los municipios y comunas, ya que todas las iniciativas las tendr\u00e1n ellos as\u00ed como tambi\u00e9n la decisi\u00f3n de integrar o no el Ente de Coordinaci\u00f3n\u201d, se\u00f1al\u00f3 Lifschitz y explic\u00f3 que \u201cadem\u00e1s pueden sumar m\u00e1s extensi\u00f3n o pensarlo m\u00e1s reducido porque no hay nada que establezca los l\u00edmites de la regi\u00f3n metropolitana. Depende de los v\u00ednculos y relaciones que se prioricen y eso es tema de an\u00e1lisis y debate de los propios integrantes de la regi\u00f3n\u201d.<\/p>\n<p>En cuanto a estos Entes de Coordinaci\u00f3n de \u00c1reas Metropolitanas, la norma establece un r\u00e9gimen general para su constituci\u00f3n y reconoce a los existentes. El gobernador enumer\u00f3 cu\u00e1les ser\u00e1n sus funciones: \u201cTareas de an\u00e1lisis, reflexi\u00f3n y diagn\u00f3stico sobre la realidad metropolitana, de construcci\u00f3n de datos, indicadores e informaci\u00f3n que muchas veces no se dispone y de dise\u00f1o de pol\u00edticas y estrategias para promover la regi\u00f3n\u201d.<\/p>\n<p>\u201cDesde el gobierno provincial tenemos la idea de promoverlo, alentarlo, porque nos parece que es un buen instrumento y vamos a colaborar delegando proyectos, gestiones, obras y recursos en la medida que los entes empiecen a funcionar y demuestren capacidad de gesti\u00f3n para llevar adelante los proyectos\u201d, agreg\u00f3.<\/p>\n<p>En este sentido, Lifschitz valor\u00f3 que la ley contemple a los consejos consultivos, ya que \u201cla sociedad civil y las instituciones del sector privado tambi\u00e9n tienen un rol importante y es necesario darles un espacio de participaci\u00f3n\u201d.<\/p>\n<p>\u201cQuiz\u00e1 en las ciudades m\u00e1s peque\u00f1as una experiencia que lleve un poco m\u00e1s de tiempo para implementarla pero en el departamento La Capital est\u00e1 muy maduro y hay experiencia previa para poder avanzar\u201d, finaliz\u00f3.<\/p>\n<h4>Alcances<\/h4>\n<p>El secretario de Gobierno, Mariano Cuvertino, explic\u00f3 que \u201clas \u00e1reas metropolitanas son nuevas instancias de gesti\u00f3n p\u00fablica, que conforman un espacio de poder m\u00e1s amplio y m\u00e1s heterog\u00e9neo. Es a partir de reconocer unidades geogr\u00e1ficas que se producen diferentes conurbaciones donde es necesario la puesta en funcionamiento de otro tipo de \u00e1mbito de gesti\u00f3n\u201d.<\/p>\n<p>\u201cLas \u00e1reas metropolitanas poseen diferentes caracter\u00edsticas que tienen que ver con el desplazamiento de la poblaci\u00f3n, de las industrias, de los servicios; cre\u00e1ndose nuevos n\u00facleos urbanos que van generando la necesidad de una coordinaci\u00f3n articulada de pol\u00edticas p\u00fablicas\u201d; y esto genera desaf\u00edos que consisten \u201cen extender el trabajo mancomunado y conjunto de los gobiernos locales; es as\u00ed que contamos con esta ley\u201d.<\/p>\n<p>Con relaci\u00f3n a los Entes de Coordinaci\u00f3n, Cuvertino precis\u00f3 que \u201cson de car\u00e1cter no estatal, constituido fundamentalmente por los gobiernos locales, y se convierten en un instrumento para la coordinaci\u00f3n y promoci\u00f3n de pol\u00edticas p\u00fablicas de impacto regional. Pero tambi\u00e9n est\u00e1n integrados por el gobierno de la provincia, que se compromete con el aporte econ\u00f3mico y t\u00e9cnico\u201d.<\/p>\n<h4>En La Capital<\/h4>\n<p>El senador por el departamento La Capital, Emilio Jat\u00f3n, se\u00f1al\u00f3 por su parte que \u201cen Santa Fe nosotros ya comenzamos el camino para desarrollar un \u00e1rea metropolitana, a trav\u00e9s de la experiencia de trasladarnos por el departamento y de los di\u00e1logos metropolitanos, donde logramos reunir instituciones y presidentes comunales\u201d, indic\u00f3, al tiempo que destac\u00f3 que \u201cya no se puede construir en forma individual, sino en forma conjunta, colectiva\u201d.<\/p>\n<p>La intendente de Santo Tom\u00e9, Daniela Q\u00fcesta, se\u00f1al\u00f3 que \u201cel ejemplo de Rosario nos ha servido para pensar este cambio de l\u00f3gica\u201d, y destac\u00f3 la importancia de contar con una norma jur\u00eddica al respecto, \u201cque es una construcci\u00f3n de muchos a\u00f1os, la recepci\u00f3n de la experiencia y un desaf\u00edo para intendentes y presidentes comunales que tenemos que empezar a pensar que adem\u00e1s de defender la autonom\u00eda y luchar para que tenga su reconocimiento constitucional, tenemos esta nueva norma que es un desaf\u00edo\u201d.<\/p>\n<p>Finalmente, el presidente comunal de Arroyo Aguiar, Ariel Bonadeo, expres\u00f3 que \u201cpara las comunas peque\u00f1as este proyecto es un desaf\u00edo doblemente importante puesto que el \u00e1rea metropolitana ya existe y est\u00e1 funcionando en lo pr\u00e1ctico y tenemos el desaf\u00edo de articularlo para lograr el beneficio de todos\u201d.<\/p>\n<h4>Autoridades presentes<\/h4>\n<p>De la presentaci\u00f3n, realizada en el Sal\u00f3n Blanco de la Casa de Gobierno, participaron tambi\u00e9n el vicegobernador Carlos Fascendini; el ministro de Medio Ambiente, Jacinto Speranza; el secretario de Regiones, Municipios y Comunas, Carlos Torres; el director Provincial de \u00c1reas Metropolitanas, Rub\u00e9n Dario Gres; intendentes y presidentes comunales del departamento La Capital; diputados provinciales; y dem\u00e1s autoridades provinciales y municipales.<\/p>\n<h6>Fuente: El Litoral<\/h6>\n","protected":false},"excerpt":{"rendered":"<p>\u201cLa sociedad civil y las instituciones del sector privado tambi\u00e9n tienen un rol importante\u00bb, dijo el gobernador de Santa Fe.\u00a0<\/p>\n","protected":false},"author":1,"featured_media":48622,"comment_status":"closed","ping_status":"closed","sticky":false,"template":"","format":"standard","meta":{"footnotes":""},"categories":[2],"tags":[10],"class_list":["post-48621","post","type-post","status-publish","format-standard","has-post-thumbnail","hentry","category-informe-municipal","tag-santa-fe"],"_links":{"self":[{"href":"http:\/\/argentinamunicipal.com.ar\/argentina\/wp-json\/wp\/v2\/posts\/48621","targetHints":{"allow":["GET"]}}],"collection":[{"href":"http:\/\/argentinamunicipal.com.ar\/argentina\/wp-json\/wp\/v2\/posts"}],"about":[{"href":"http:\/\/argentinamunicipal.com.ar\/argentina\/wp-json\/wp\/v2\/types\/post"}],"author":[{"embeddable":true,"href":"http:\/\/argentinamunicipal.com.ar\/argentina\/wp-json\/wp\/v2\/users\/1"}],"replies":[{"embeddable":true,"href":"http:\/\/argentinamunicipal.com.ar\/argentina\/wp-json\/wp\/v2\/comments?post=48621"}],"version-history":[{"count":0,"href":"http:\/\/argentinamunicipal.com.ar\/argentina\/wp-json\/wp\/v2\/posts\/48621\/revisions"}],"wp:featuredmedia":[{"embeddable":true,"href":"http:\/\/argentinamunicipal.com.ar\/argentina\/wp-json\/wp\/v2\/media\/48622"}],"wp:attachment":[{"href":"http:\/\/argentinamunicipal.com.ar\/argentina\/wp-json\/wp\/v2\/media?parent=48621"}],"wp:term":[{"taxonomy":"category","embeddable":true,"href":"http:\/\/argentinamunicipal.com.ar\/argentina\/wp-json\/wp\/v2\/categories?post=48621"},{"taxonomy":"post_tag","embeddable":true,"href":"http:\/\/argentinamunicipal.com.ar\/argentina\/wp-json\/wp\/v2\/tags?post=48621"}],"curies":[{"name":"wp","href":"https:\/\/api.w.org\/{rel}","templated":true}]}}