{"id":48624,"date":"2016-05-20T06:37:43","date_gmt":"2016-05-20T09:37:43","guid":{"rendered":"http:\/\/argentinamunicipal.com.ar\/argentina\/?p=48624"},"modified":"2016-05-20T06:37:43","modified_gmt":"2016-05-20T09:37:43","slug":"escandalo-san-isidro-denuncian-la-gestion-posse-extravio-mas-200-viviendas","status":"publish","type":"post","link":"http:\/\/argentinamunicipal.com.ar\/argentina\/escandalo-san-isidro-denuncian-la-gestion-posse-extravio-mas-200-viviendas\/","title":{"rendered":"Esc\u00e1ndalo en San Isidro: Denuncian que la gesti\u00f3n de Posse \u00abextravi\u00f3\u00bb m\u00e1s de 200 viviendas"},"content":{"rendered":"<p>Aseguran que se construyeron el 16,8% de las casas previstas para la urbanizaci\u00f3n de la villa Mart\u00edn y Omar, ubicada en el bajo de la ciudad. Desde el Concejo afirman que la empresa encargada en las obras anunci\u00f3 que el plan de obras se encontraba concluido.<\/p>\n<p>Concejales de la oposici\u00f3n interpelaron al intendente de San Isidro, Gustavo Posse, para que de cuenta de la situaci\u00f3n en la que se encuentra el plan de urbanizaci\u00f3n de la villa Mart\u00edn y Omar, que seg\u00fan se\u00f1alan, se encuentra inconcluso pese a los anuncios de la empresa constructora que dio por finalizada la obra.<\/p>\n<p>\u201cSe financiaron 250 viviendas para el barrio Mart\u00edn y Omar pero s\u00f3lo construyeron 42. Esto ratifica lo que venimos denunciando p\u00fablicamente desde hace a\u00f1os: la plata estuvo pero las viviendas no se terminaron, y ahora no est\u00e1n ni las viviendas ni el dinero\u201d, sostuvo la Presidenta del Bloque del Frente Renovador, Marcela Durrieu.<\/p>\n<p>Seg\u00fan indicaron desde la oposici\u00f3n legislativa, a San Isidro, en el marco del Subprograma de Urbanizaci\u00f3n de Villas y Asentamientos Precarios pertenenciente al Plan Federal de Viviendas,\u00a0le ingresaron m\u00e1s de 400 millones de pesos provenientes del Estado Nacional para integrar al resto de la trama urbana los barrios precarios que a\u00fan existen en el distrito, entre ellos la villa de emergencia Mart\u00edn y Omar.<\/p>\n<p>El esc\u00e1ndalo se desat\u00f3 luego de que la empresa constructora Emaco S.A., que ten\u00eda a cargo la\u00a0construcci\u00f3n de las viviendas, public\u00f3 en su p\u00e1gina web que la obra se finaliz\u00f3, cuesti\u00f3n que no ser\u00eda tal si se tiene en cuenta que solo el 16,8% de las obras se llevaron a cabo.<\/p>\n<p>\u00abSignifica un avance que se trate la situaci\u00f3n del barrio Mart\u00edn y Omar,\u00a0todos los bloques hicimos un gran esfuerzo para consensuar este despacho.\u00a0Esperamos que este pedido de informe no quede en la nada, que sea\u00a0\u00a0respondido. Quiero destacar la actitud solidaria de los vecinos\u00a0aleda\u00f1os a la villa, los que viven afuera, que enviaron una carta con m\u00e1s\u00a0de 800 firmas apoyando su urbanizaci\u00f3n definitiva\u00bb, concluy\u00f3 la dirigente local.<\/p>\n<h6>Fuente: InfoCielo<\/h6>\n","protected":false},"excerpt":{"rendered":"<p>Aseguran que se construyeron el 16,8% de las casas previstas para la urbanizaci\u00f3n de la villa Mart\u00edn y Omar, ubicada en el bajo de la ciudad. Desde el Concejo afirman que la empresa encargada en las obras anunci\u00f3 que el plan de obras se encontraba concluido.<\/p>\n","protected":false},"author":2,"featured_media":48625,"comment_status":"closed","ping_status":"closed","sticky":false,"template":"","format":"standard","meta":{"footnotes":""},"categories":[4],"tags":[12],"class_list":["post-48624","post","type-post","status-publish","format-standard","has-post-thumbnail","hentry","category-informe-politico","tag-buenos-aires"],"_links":{"self":[{"href":"http:\/\/argentinamunicipal.com.ar\/argentina\/wp-json\/wp\/v2\/posts\/48624","targetHints":{"allow":["GET"]}}],"collection":[{"href":"http:\/\/argentinamunicipal.com.ar\/argentina\/wp-json\/wp\/v2\/posts"}],"about":[{"href":"http:\/\/argentinamunicipal.com.ar\/argentina\/wp-json\/wp\/v2\/types\/post"}],"author":[{"embeddable":true,"href":"http:\/\/argentinamunicipal.com.ar\/argentina\/wp-json\/wp\/v2\/users\/2"}],"replies":[{"embeddable":true,"href":"http:\/\/argentinamunicipal.com.ar\/argentina\/wp-json\/wp\/v2\/comments?post=48624"}],"version-history":[{"count":0,"href":"http:\/\/argentinamunicipal.com.ar\/argentina\/wp-json\/wp\/v2\/posts\/48624\/revisions"}],"wp:featuredmedia":[{"embeddable":true,"href":"http:\/\/argentinamunicipal.com.ar\/argentina\/wp-json\/wp\/v2\/media\/48625"}],"wp:attachment":[{"href":"http:\/\/argentinamunicipal.com.ar\/argentina\/wp-json\/wp\/v2\/media?parent=48624"}],"wp:term":[{"taxonomy":"category","embeddable":true,"href":"http:\/\/argentinamunicipal.com.ar\/argentina\/wp-json\/wp\/v2\/categories?post=48624"},{"taxonomy":"post_tag","embeddable":true,"href":"http:\/\/argentinamunicipal.com.ar\/argentina\/wp-json\/wp\/v2\/tags?post=48624"}],"curies":[{"name":"wp","href":"https:\/\/api.w.org\/{rel}","templated":true}]}}