{"id":48636,"date":"2016-05-20T06:56:20","date_gmt":"2016-05-20T09:56:20","guid":{"rendered":"http:\/\/argentinamunicipal.com.ar\/argentina\/?p=48636"},"modified":"2016-05-20T06:56:20","modified_gmt":"2016-05-20T09:56:20","slug":"municipio-rosario-debera-contratar-cinco-personas-trans","status":"publish","type":"post","link":"http:\/\/argentinamunicipal.com.ar\/argentina\/municipio-rosario-debera-contratar-cinco-personas-trans\/","title":{"rendered":"El municipio de Rosario deber\u00e1 contratar a cinco personas trans"},"content":{"rendered":"<p>Fue aprobado luego de un pol\u00e9mico debate. Sin embargo, hubo festejo de organizaciones. Por otra parte, doce concejales opositores piden explicaciones a Fein por el caso Cossia.<\/p>\n<p>La Municipalidad de Rosario deber\u00e1 incorporar cada a\u00f1o a su planta de trabajadores cinco personas travestis, transexuales o transg\u00e9nero que sean id\u00f3neas para los cargos que se presenten. La ordenanza se aprob\u00f3 este jueves en el Concejo con 20 votos a favor y la abstenci\u00f3n de los cinco ediles del PRO, que calificaron la iniciativa como \u00abinjusta e irresponsable\u00bb porque s\u00f3lo incluye a una minor\u00eda. El debate del tema no estuvo exento de cruces entre las fuerzas pol\u00edticas; pero luego de la votaci\u00f3n, representantes del colectivo trans que acudieron a presenciar la sesi\u00f3n estallaron en aplausos de alegr\u00eda por la sanci\u00f3n del cupo laboral para el sector.<\/p>\n<p>\u00abVa a ser un beneficio, a largo plazo, para muchas. Las generaciones actuales ya estamos en la mitad transcurrida, muchas ya tenemos el carretel quemado. Pero estamos ac\u00e1 por las chicas que vienen despu\u00e9s y las que m\u00e1s lo necesitan ahora\u00bb, dijo a Rosario3.com Silvana Sosa una de las referentes de los movimientos LGBT que fueron hasta el recinto.<\/p>\n<p>\u00abHoy vos dej\u00e1s los curr\u00edculums y nadie te llama. Ni del sector privado, ni tampoco del p\u00fablico. Actualmente la que tiene iniciativa puede hacer un trabajo por su cuenta. Si no, s\u00f3lo te quedan los tacos por la noche para poder vivir. Esta es una mecha que se encendi\u00f3 para muchas, un primer paso\u00bb, a\u00f1adi\u00f3.<\/p>\n<p><strong>El debate<\/strong><\/p>\n<p>Las banderas de las organizaciones se acomodaron en el palco del Concejo desde temprano. Las primeras en llegar lo hicieron cerca de las 14 y tuvieron que esperar hasta las 21 para conocer la votaci\u00f3n de la ordenanza que permitir\u00e1 a las y los trans tener puestos laborales en organismos o empresas municipales antes de fin de a\u00f1o.<\/p>\n<p>El cupo laboral trans estuvo primero en la lista de temas. El edil Eduardo Toniolli inici\u00f3 la defensa de la ordenanza recordando que existe una ley aprobada en provincia de Buenos Aires en el mismo sentido. Adem\u00e1s, mencion\u00f3 todos los proyectos presentados en distintas provincias, entre ellas Santa Fe desde 2013 (aunque sin tratamiento). Luego, el radical Sebasti\u00e1n Chale destac\u00f3 que Rosario sea la primera ciudad del pa\u00eds en avanzar con el tema.<\/p>\n<p>La mayor\u00eda de las bancadas apoyaron el proyecto. Carlos Cossia, por ejemplo, respald\u00f3 que se avance hacia una \u00abmayor igualdad\u00bb y argument\u00f3 su voto positivo: \u00abComo cristiano y cat\u00f3lico siento verg\u00fcenza a veces que nuestra Iglesia sea discriminatoria con este tema a pesar de que ahora el Papa los va integrando a la comunidad cat\u00f3lica. Si nos remontamos a la historia veremos que Jes\u00fas jam\u00e1s hizo lugar a una diferencia\u00bb.<\/p>\n<p>La pol\u00e9mica se desat\u00f3 cuando la concejala del PRO Agustina Bouza pidi\u00f3 la palabra para fundamentar la abstenci\u00f3n de su bloque a la hora de votar. Dijo que otras minor\u00edas como \u00abex combatientes de Malvinas, enfermos de HIV o pueblos originarios tambi\u00e9n se han acercado al Concejo a plantear este tema\u00bb.<\/p>\n<p>\u00abNos parece que esta iniciativa es sumamente injusta e irresponsable\u00bb, manifest\u00f3 la ex Leona y tuvo el respaldo de su compa\u00f1ero de bancada, Alejandro Rosello, quien record\u00f3 que la comunidad Qom hab\u00eda solicitado la creaci\u00f3n de una secretar\u00eda el a\u00f1o pasado y el Concejo le dijo que no.La concejala del PPS, Lorena Gimenez Belegni, le respondi\u00f3 a los ediles del PRO: \u00abLo que acabo de escuchar me peg\u00f3 una cachetada. No creo que sea una norma ni injusta ni irresponsable. Esto es un compromiso pol\u00edtico y social que tenemos que tener los concejales con un tema que surge de la demanda de un colectivo\u00bb.<\/p>\n<p>\u00abEsto es un paso en una sociedad a la que todav\u00eda, y no me cabe duda despu\u00e9s de lo que acabamos de escuchar, le falta madurar en algunos preconceptos que traemos y son arcaicos\u00bb, expres\u00f3.<\/p>\n<p>\u00abLe quiero recordar al concejal Rosell\u00f3 que el a\u00f1o pasado en el recinto se vot\u00f3 la ordenanza para crear los agentes sanitarios para los pueblos originarios, una necesidad que surge tambi\u00e9n de una minor\u00eda, y recuerdo que el PRO estuvo totalmente en contra. Entonces si vamos a hablar, hag\u00e1moslo con coherencia y si vamos a respetar a las minor\u00edas respetemos a todas las minor\u00edas\u00bb, dispar\u00f3 Gim\u00e9nez.<\/p>\n<p>A su turno, la concejala Norma Lopez tambi\u00e9n se meti\u00f3 en la discusi\u00f3n y sostuvo que \u00abhac\u00eda rato que no escuchaba equiparar la identidad sexual de una persona con una enfermedad\u00bb. \u00abEso es lo que se hizo aqu\u00ed cuando se pidi\u00f3 un cupo para personas con HIV\u00bb, dijo.<\/p>\n<p>Finalmente, Carlos Cardozo del PRO desafi\u00f3 al Partido Socialista que apruebe en la C\u00e1mara de Diputados de Santa Fe el cupo laboral trans para toda la provincia. \u00abEso demostrar\u00eda coherencia y hasta ahora no ha pasado\u00bb, concluy\u00f3.<\/p>\n<p><strong>Qu\u00e9 dice la ordenanza<\/strong><\/p>\n<p>La ordenanza de cupo laboral trans establece que el \u00c1rea de la Diversidad Sexual del municipio deber\u00e1 generar un Registro \u00danico de Aspirantes que incluya a personas travestis, transexuales y transg\u00e9nero que aspiren a obtener un empleo en las jurisdicciones municipales con el objeto de facilitar su incorporaci\u00f3n laboral.<\/p>\n<p>Adem\u00e1s de los datos personales, laborales y de formaci\u00f3n, el registro incorporar\u00e1 los antecedentes penales de los postulantes pero \u00abexceptu\u00e1ndose aquellos que guarden relaci\u00f3n directa o indirecta con el trabajo sexual de las y los interesados\u00bb.<\/p>\n<p>La Municipalidad deber\u00e1 informar las vacantes que se produzcan en sus dependencias al \u00c1rea de la Diversidad Sexual, Oficina de empleo y Direcci\u00f3n Personal de la Municipalidad, para que las mismas puedan convocar a participar de la instancia de concurso a las personas inscriptas en el registro \u00fanico de aspirantes de personas trans.<\/p>\n<p>Para reglamentar y poner en funcionamiento la normativa, el Ejecutivo municipal tendr\u00e1 90 d\u00edas desde el momento de la publicaci\u00f3n.<\/p>\n<p>La demora de la sesi\u00f3n, el caso Cossia y un pedido a Fein<\/p>\n<p>El inicio de la sesi\u00f3n de este jueves se demor\u00f3 por el \u00abCossiagate\u00bb. Despu\u00e9s de la reuni\u00f3n de Labor Parlamentaria, los concejales analizaron c\u00f3mo abordar en el recinto la pol\u00e9mica desatada tras la difusi\u00f3n del contrato de la hija de Carlos Cossia en el municipio, firmado por el Ejecutivo a pocos d\u00edas del apoyo del edil al aumento del boleto.<\/p>\n<p>Tras la apertura de la sesi\u00f3n, despu\u00e9s de las 19, la concejala Norma L\u00f3pez tom\u00f3 la palabra y anunci\u00f3 que se present\u00f3 un pedido para que la intendenta se acerque al Concejo a dar explicaciones por el tema.<\/p>\n<p>Doce concejales firman el proyecto que ser\u00e1 debatido la semana pr\u00f3xima en comisiones. Lo avalaron Diego Giuliano, Celeste Lepratti, Jorge Boasso, Norma L\u00f3pez, Eduardo Toniolli, Carola Nin, Osvaldo Miatello, Lorena Gim\u00e9nez, Juan Monteverde, Caren Tepp, Pedro Salinas y Fernanda Gigliani.<\/p>\n<p>El texto del proyecto indica: \u00abM\u00f3nica Fein debe dar respuestas sobre esta contrataci\u00f3n (tan cercana a la sanci\u00f3n del incremento de la tarifa del transporte) y por qu\u00e9 se incumpli\u00f3 con la publicaci\u00f3n en el Bolet\u00edn Oficial Municipal, siendo que la normativa establece plazos espec\u00edficos para su inserci\u00f3n y posterior publicidad\u00bb.<\/p>\n<h6>Fuente: Sin Mordaza<\/h6>\n","protected":false},"excerpt":{"rendered":"<p>Fue aprobado luego de un pol\u00e9mico debate. Sin embargo, hubo festejo de organizaciones. Por otra parte, doce concejales opositores piden explicaciones a Fein por el caso Cossia.<\/p>\n","protected":false},"author":2,"featured_media":48637,"comment_status":"closed","ping_status":"closed","sticky":false,"template":"","format":"standard","meta":{"footnotes":""},"categories":[2],"tags":[10],"class_list":["post-48636","post","type-post","status-publish","format-standard","has-post-thumbnail","hentry","category-informe-municipal","tag-santa-fe"],"_links":{"self":[{"href":"http:\/\/argentinamunicipal.com.ar\/argentina\/wp-json\/wp\/v2\/posts\/48636","targetHints":{"allow":["GET"]}}],"collection":[{"href":"http:\/\/argentinamunicipal.com.ar\/argentina\/wp-json\/wp\/v2\/posts"}],"about":[{"href":"http:\/\/argentinamunicipal.com.ar\/argentina\/wp-json\/wp\/v2\/types\/post"}],"author":[{"embeddable":true,"href":"http:\/\/argentinamunicipal.com.ar\/argentina\/wp-json\/wp\/v2\/users\/2"}],"replies":[{"embeddable":true,"href":"http:\/\/argentinamunicipal.com.ar\/argentina\/wp-json\/wp\/v2\/comments?post=48636"}],"version-history":[{"count":0,"href":"http:\/\/argentinamunicipal.com.ar\/argentina\/wp-json\/wp\/v2\/posts\/48636\/revisions"}],"wp:featuredmedia":[{"embeddable":true,"href":"http:\/\/argentinamunicipal.com.ar\/argentina\/wp-json\/wp\/v2\/media\/48637"}],"wp:attachment":[{"href":"http:\/\/argentinamunicipal.com.ar\/argentina\/wp-json\/wp\/v2\/media?parent=48636"}],"wp:term":[{"taxonomy":"category","embeddable":true,"href":"http:\/\/argentinamunicipal.com.ar\/argentina\/wp-json\/wp\/v2\/categories?post=48636"},{"taxonomy":"post_tag","embeddable":true,"href":"http:\/\/argentinamunicipal.com.ar\/argentina\/wp-json\/wp\/v2\/tags?post=48636"}],"curies":[{"name":"wp","href":"https:\/\/api.w.org\/{rel}","templated":true}]}}