{"id":48673,"date":"2016-05-20T07:50:42","date_gmt":"2016-05-20T10:50:42","guid":{"rendered":"http:\/\/argentinamunicipal.com.ar\/argentina\/?p=48673"},"modified":"2016-05-20T07:50:42","modified_gmt":"2016-05-20T10:50:42","slug":"aseguran-tarifazo-impacto-fuerte-la-actividad-turistica","status":"publish","type":"post","link":"http:\/\/argentinamunicipal.com.ar\/argentina\/aseguran-tarifazo-impacto-fuerte-la-actividad-turistica\/","title":{"rendered":"Aseguran que el tarifazo impact\u00f3 fuerte en la actividad tur\u00edstica"},"content":{"rendered":"<p>La C\u00e1mara Argentina de Turismo expres\u00f3 su preocupaci\u00f3n por el impacto negativo que tiene la suba de precios en los servicios p\u00fablicos.<\/p>\n<p>El presidente Mauricio Macri anunci\u00f3 el 26 de abril pasado un plan nacional de turismo que, asegur\u00f3, generar\u00e1 300 mil nuevos puestos de trabajo. Sin embargo, muy lejos de la promesa presidencial el sector lanz\u00f3 este jueves una se\u00f1al de alerta ante la crisis que atraviesa a partir del fuerte ajuste que dispuso el gobierno nacional.<\/p>\n<p>A trav\u00e9s de un comunicado difundido este jueves, la C\u00e1mara Argentina de Turismo (CAT) advirti\u00f3 seg\u00fan Minuto Uno que la continuidad de muchas empresas tur\u00edsticas se encuentra en peligro por \u00abel continuo impacto del fuerte aumento de los costos relativos a la prestaci\u00f3n de servicios -tales como salarios, materias primas, servicios p\u00fablicos, energ\u00eda- y que tuvo si m\u00e1s reciente evidencia en las tarifas del servicio de gas a lo largo de pa\u00eds\u00bb.<\/p>\n<p>De acuerdo con la CAT esa misma inquietud afecta a las C\u00e1maras de Turismo provinciales agrupadas en FEDECATUR, por lo que advirtieron que \u00abluego de analizar en detalle el efecto de los porcentajes de los distintos aumentos, adem\u00e1s del contexto estacional en el que se est\u00e1n aplicando, la CAT expresa su preocupaci\u00f3n por el impacto negativo que generan en la viabilidad de la actividad\u00bb.<\/p>\n<p>\u00abEste nuevo golpe pone en riesgo la continuidad y supervivencia de empresas tur\u00edsticas, afectando tanto a la actividad tur\u00edstica en particular como al desarrollo de las econom\u00edas locales\u00bb sigue el comunicado en el que admite adem\u00e1s, a contramano de la postura del gobierno nacional, que el pa\u00eds atraviesa una etapa de contracci\u00f3n del nivel de empleo.<\/p>\n<h6>Fuente: La Provincia San Juan<\/h6>\n","protected":false},"excerpt":{"rendered":"<p>La C\u00e1mara Argentina de Turismo expres\u00f3 su preocupaci\u00f3n por el impacto negativo que tiene la suba de precios en los servicios p\u00fablicos.<\/p>\n","protected":false},"author":2,"featured_media":48674,"comment_status":"closed","ping_status":"closed","sticky":false,"template":"","format":"standard","meta":{"footnotes":""},"categories":[8],"tags":[21],"class_list":["post-48673","post","type-post","status-publish","format-standard","has-post-thumbnail","hentry","category-informe-nacional","tag-argentina"],"_links":{"self":[{"href":"http:\/\/argentinamunicipal.com.ar\/argentina\/wp-json\/wp\/v2\/posts\/48673","targetHints":{"allow":["GET"]}}],"collection":[{"href":"http:\/\/argentinamunicipal.com.ar\/argentina\/wp-json\/wp\/v2\/posts"}],"about":[{"href":"http:\/\/argentinamunicipal.com.ar\/argentina\/wp-json\/wp\/v2\/types\/post"}],"author":[{"embeddable":true,"href":"http:\/\/argentinamunicipal.com.ar\/argentina\/wp-json\/wp\/v2\/users\/2"}],"replies":[{"embeddable":true,"href":"http:\/\/argentinamunicipal.com.ar\/argentina\/wp-json\/wp\/v2\/comments?post=48673"}],"version-history":[{"count":0,"href":"http:\/\/argentinamunicipal.com.ar\/argentina\/wp-json\/wp\/v2\/posts\/48673\/revisions"}],"wp:featuredmedia":[{"embeddable":true,"href":"http:\/\/argentinamunicipal.com.ar\/argentina\/wp-json\/wp\/v2\/media\/48674"}],"wp:attachment":[{"href":"http:\/\/argentinamunicipal.com.ar\/argentina\/wp-json\/wp\/v2\/media?parent=48673"}],"wp:term":[{"taxonomy":"category","embeddable":true,"href":"http:\/\/argentinamunicipal.com.ar\/argentina\/wp-json\/wp\/v2\/categories?post=48673"},{"taxonomy":"post_tag","embeddable":true,"href":"http:\/\/argentinamunicipal.com.ar\/argentina\/wp-json\/wp\/v2\/tags?post=48673"}],"curies":[{"name":"wp","href":"https:\/\/api.w.org\/{rel}","templated":true}]}}