{"id":48686,"date":"2016-05-20T07:09:28","date_gmt":"2016-05-20T10:09:28","guid":{"rendered":"http:\/\/argentinamunicipal.com.ar\/argentina\/?p=48686"},"modified":"2016-05-20T08:11:30","modified_gmt":"2016-05-20T11:11:30","slug":"nacion-intenta-frenar-una-rebelion-tarifazo","status":"publish","type":"post","link":"http:\/\/argentinamunicipal.com.ar\/argentina\/nacion-intenta-frenar-una-rebelion-tarifazo\/","title":{"rendered":"Naci\u00f3n intenta frenar una rebeli\u00f3n por el tarifazo"},"content":{"rendered":"<p>Recibir\u00e1 a los gobernadores patag\u00f3nicos por la fuerte suba del gas.<\/p>\n<p>Tras el gran malestar que gener\u00f3 en la cordillera el tarifazo al gas, el gobierno de Mauricio Macri convoc\u00f3 a los gobernadores a una reuni\u00f3n el lunes para rever la suba.<\/p>\n<p>Omar Guti\u00e9rrez inform\u00f3 que el encuentro se realizar\u00e1 a las 15 en Buenos Aires con los ministros del Interior, Rogelio Frigerio, y de Energ\u00eda, Juan Jos\u00e9 Aranguren, y que participar\u00e1n todos los mandatarios patag\u00f3nicos.<\/p>\n<p>El rionegrino Alberto Weretilneck indic\u00f3 que se plante\u00f3 a la Naci\u00f3n \u00ablo grave que es para todos (el aumento), tanto domiciliarios como la industria, los jubilados o la gastronom\u00eda\u00bb.<\/p>\n<p>\u00abAl menos encontramos receptividad al planteo y a la posibilidad de rever las decisiones que se han tomado\u00bb, se\u00f1al\u00f3. Y consider\u00f3 que \u00abninguna actividad puede sostenerse con un incremento del 1000 o 1500 por ciento de las tarifas\u00bb, que empezaron a llegar a ciudades como Bariloche. Weretilneck pidi\u00f3 que se restablezca el subsidio a los consumidores patag\u00f3nicos.<\/p>\n<p>El malestar se extendi\u00f3 a los municipios y c\u00e1maras empresarias de Villa La Angostura, Dina Huapi, El Bols\u00f3n y Esquel, que se unieron en el reclamo para las gestiones ante la Naci\u00f3n y en la Justicia.<\/p>\n<p>En Bariloche se produjo una rebeli\u00f3n contra el incremento, que incluy\u00f3 amenazas de movilizaciones masivas y acciones judiciales promovidas por los mismos dirigentes del PRO. El presidente de la fundaci\u00f3n macrista Pensar, Sergio Capozzi, present\u00f3 un amparo contra el tarifazo.<\/p>\n<p>\u00abEn estos d\u00edas los vecinos de la ciudad de Bariloche estamos recibiendo las facturas de gas con aumentos que van desde el 400% al 2000%, esto como consecuencia del aumento &#8216;brutal&#8217; de las tarifas que evidentemente no toma en cuenta la zona clim\u00e1tica adversa que obliga a mayor consumo de este recurso esencial\u00bb, se\u00f1al\u00f3 en la presentaci\u00f3n. El intendente de Bariloche, Gustavo Gennuso, impuls\u00f3 una medida similar.<\/p>\n<p>Rosana Bertone, de Tierra del Fuego, fue otra de las gobernadoras que llev\u00f3 el reclamo a los funcionarios nacionales durante el encuentro en C\u00f3rdoba de ayer, donde se sell\u00f3 el acuerdo por la devoluci\u00f3n del 15% de coparticipaci\u00f3n a las provincias.<\/p>\n<p>Mientras que Aranguren defendi\u00f3 la suba. \u00abEl valor absoluto de la boleta es importante, pero tambi\u00e9n hay que tener en cuenta el valor relativo en funci\u00f3n del lugar y cu\u00e1l era la tarifa antes y cu\u00e1l es la tarifa en otros lugares del pa\u00eds\u00bb, intent\u00f3 explicar.<\/p>\n<p><strong>Impacto en la cordillera<\/strong><br \/>\n<strong>Senadores citaron a Aranguren<\/strong><\/p>\n<p>Los senadores Guillermo Pereyra, Miguel \u00c1ngel Pichetto y Silvina Garc\u00eda Larraburu invitaron al ministro de Energ\u00eda, Juan Jos\u00e9 Aranguren, a participar de la pr\u00f3xima reuni\u00f3n de la comisi\u00f3n de Miner\u00eda, Energ\u00eda y Combustibles del Senado de la Naci\u00f3n, para buscar soluciones \u00aba la cr\u00edtica situaci\u00f3n generada en los sectores productivos por el aumento exponencial de la tarifa de gas en Neuqu\u00e9n y R\u00edo Negro\u00bb.<\/p>\n<p>Quieren tratar la distribuci\u00f3n de la Garrafa Social en los sectores m\u00e1s alejados de la cordillera, y el impacto del incremento del gas que afecta al sector tur\u00edstico.<\/p>\n<p><strong>Neuqu\u00e9n<\/strong><br \/>\n<strong>La oposici\u00f3n ir\u00e1 a la Justicia<\/strong><\/p>\n<p>Diputados del bloque del Frente y la Participaci\u00f3n Neuquina en conjunto con los concejales de UNE presentar\u00e1n un acci\u00f3n de amparo en la Justicia Federal contra el tarifazo de gas en la provincia.<\/p>\n<h6>Fuente: La Ma\u00f1ana Neuqu\u00e9n<\/h6>\n","protected":false},"excerpt":{"rendered":"<p>Recibir\u00e1 a los gobernadores patag\u00f3nicos por la fuerte suba del gas. Tras el gran malestar que gener\u00f3 en la cordillera el tarifazo al gas, el gobierno de Mauricio Macri convoc\u00f3 a los gobernadores a una reuni\u00f3n el lunes para rever la suba. Omar Guti\u00e9rrez inform\u00f3 que el encuentro se realizar\u00e1 a las 15 en Buenos<\/p>\n","protected":false},"author":2,"featured_media":48687,"comment_status":"closed","ping_status":"closed","sticky":false,"template":"","format":"standard","meta":{"footnotes":""},"categories":[65],"tags":[21],"class_list":["post-48686","post","type-post","status-publish","format-standard","has-post-thumbnail","hentry","category-provincias","tag-argentina"],"_links":{"self":[{"href":"http:\/\/argentinamunicipal.com.ar\/argentina\/wp-json\/wp\/v2\/posts\/48686","targetHints":{"allow":["GET"]}}],"collection":[{"href":"http:\/\/argentinamunicipal.com.ar\/argentina\/wp-json\/wp\/v2\/posts"}],"about":[{"href":"http:\/\/argentinamunicipal.com.ar\/argentina\/wp-json\/wp\/v2\/types\/post"}],"author":[{"embeddable":true,"href":"http:\/\/argentinamunicipal.com.ar\/argentina\/wp-json\/wp\/v2\/users\/2"}],"replies":[{"embeddable":true,"href":"http:\/\/argentinamunicipal.com.ar\/argentina\/wp-json\/wp\/v2\/comments?post=48686"}],"version-history":[{"count":0,"href":"http:\/\/argentinamunicipal.com.ar\/argentina\/wp-json\/wp\/v2\/posts\/48686\/revisions"}],"wp:featuredmedia":[{"embeddable":true,"href":"http:\/\/argentinamunicipal.com.ar\/argentina\/wp-json\/wp\/v2\/media\/48687"}],"wp:attachment":[{"href":"http:\/\/argentinamunicipal.com.ar\/argentina\/wp-json\/wp\/v2\/media?parent=48686"}],"wp:term":[{"taxonomy":"category","embeddable":true,"href":"http:\/\/argentinamunicipal.com.ar\/argentina\/wp-json\/wp\/v2\/categories?post=48686"},{"taxonomy":"post_tag","embeddable":true,"href":"http:\/\/argentinamunicipal.com.ar\/argentina\/wp-json\/wp\/v2\/tags?post=48686"}],"curies":[{"name":"wp","href":"https:\/\/api.w.org\/{rel}","templated":true}]}}