{"id":48720,"date":"2016-05-21T09:33:26","date_gmt":"2016-05-21T12:33:26","guid":{"rendered":"http:\/\/argentinamunicipal.com.ar\/argentina\/?p=48720"},"modified":"2016-05-21T09:33:26","modified_gmt":"2016-05-21T12:33:26","slug":"macri-veto-la-ley-antidespidos-dijo-los-pobres-mas-faciles-manipular","status":"publish","type":"post","link":"http:\/\/argentinamunicipal.com.ar\/argentina\/macri-veto-la-ley-antidespidos-dijo-los-pobres-mas-faciles-manipular\/","title":{"rendered":"Macri vet\u00f3 la ley antidespidos y dijo que los pobres \u00abson m\u00e1s f\u00e1ciles de manipular\u00bb"},"content":{"rendered":"<p>El Presidente confirm\u00f3 que rechazar\u00e1 la medida aprobada por el Congreso de la Naci\u00f3n. Critic\u00f3 al kirchnerismo y sostuvo que desde la oposici\u00f3n \u201cproponen leyes que apuntan a que no podamos trabajar\u201d.<\/p>\n<p>El Jefe de Estado, Mauricio Macri, confirm\u00f3 que vetar\u00e1 la ley antidespidos y cuestion\u00f3 a la gesti\u00f3n anterior por el estado en el que dej\u00f3 la econom\u00eda nacional.<\/p>\n<p>\u201cEn uso de las facultades constitucionales voy a vetar la ley, que para m\u00ed es del antiempleo. Es una ley contra los argentinos. Es una ley que dice que no confiamos en nuestro futuro\u201d, indic\u00f3 el Presidente en el marco del acto realizado en la f\u00e1brica av\u00edcola \u201cCresta Roja\u201d.<\/p>\n<p>En ese sentido, sostuvo: \u201cYo no vine ac\u00e1 para hacer lo que a m\u00ed me conviene. Vine ac\u00e1 para que los argentinos tengan una mejor oportunidad\u201d. En ese plano compar\u00f3 su decisi\u00f3n con las realizadas durante su mandato al frente de Boca Juniors, donde se neg\u00f3 designar a Diego Maradona como t\u00e9cnico del equipo de f\u00fatbol.<\/p>\n<p>Durante su discurso, Macri retom\u00f3 las cr\u00edticas contra las gesti\u00f3n kirchnerista: \u201cSeguimos en un debate que lleva a\u00f1os. Aquellos que nos gobernaron hasta poco piensan que como modelo de nuestras econom\u00edas tiene que haber un estado que nos sometan a todos. Porque creen que los argentinos no podemos vivir en libertad. Por eso nos proponen leyes que congelan al trabajo. Esa ley va a traer m\u00e1s pobreza porque aquellos que est\u00e0n en la pobreza son m\u00e1s f\u00e1ciles de manipular y de someter. Tienen miedo de que podamos ejercer esa libertad\u201d.<\/p>\n<p>\u201cProponen leyes que apuntan a que no podamos trabajar. Hace poco tiempo atr\u00e1s ellos dec\u00edan que este tipo de leyes no generan m\u00e0s empleo y no son buenas para el progreso. Que pasa ahora, porque la impulsan? Porque quieren ponernos palos en las ruedas\u201d, concluy\u00f3 el Presidente.<\/p>\n<h6>Fuente: InfoCielo<\/h6>\n","protected":false},"excerpt":{"rendered":"<p>El Presidente confirm\u00f3 que rechazar\u00e1 la medida aprobada por el Congreso de la Naci\u00f3n. Critic\u00f3 al kirchnerismo y sostuvo que desde la oposici\u00f3n \u201cproponen leyes que apuntan a que no podamos trabajar\u201d.<\/p>\n","protected":false},"author":2,"featured_media":48721,"comment_status":"closed","ping_status":"closed","sticky":false,"template":"","format":"standard","meta":{"footnotes":""},"categories":[8],"tags":[21],"class_list":["post-48720","post","type-post","status-publish","format-standard","has-post-thumbnail","hentry","category-informe-nacional","tag-argentina"],"_links":{"self":[{"href":"http:\/\/argentinamunicipal.com.ar\/argentina\/wp-json\/wp\/v2\/posts\/48720","targetHints":{"allow":["GET"]}}],"collection":[{"href":"http:\/\/argentinamunicipal.com.ar\/argentina\/wp-json\/wp\/v2\/posts"}],"about":[{"href":"http:\/\/argentinamunicipal.com.ar\/argentina\/wp-json\/wp\/v2\/types\/post"}],"author":[{"embeddable":true,"href":"http:\/\/argentinamunicipal.com.ar\/argentina\/wp-json\/wp\/v2\/users\/2"}],"replies":[{"embeddable":true,"href":"http:\/\/argentinamunicipal.com.ar\/argentina\/wp-json\/wp\/v2\/comments?post=48720"}],"version-history":[{"count":0,"href":"http:\/\/argentinamunicipal.com.ar\/argentina\/wp-json\/wp\/v2\/posts\/48720\/revisions"}],"wp:featuredmedia":[{"embeddable":true,"href":"http:\/\/argentinamunicipal.com.ar\/argentina\/wp-json\/wp\/v2\/media\/48721"}],"wp:attachment":[{"href":"http:\/\/argentinamunicipal.com.ar\/argentina\/wp-json\/wp\/v2\/media?parent=48720"}],"wp:term":[{"taxonomy":"category","embeddable":true,"href":"http:\/\/argentinamunicipal.com.ar\/argentina\/wp-json\/wp\/v2\/categories?post=48720"},{"taxonomy":"post_tag","embeddable":true,"href":"http:\/\/argentinamunicipal.com.ar\/argentina\/wp-json\/wp\/v2\/tags?post=48720"}],"curies":[{"name":"wp","href":"https:\/\/api.w.org\/{rel}","templated":true}]}}