{"id":48723,"date":"2016-05-21T09:37:09","date_gmt":"2016-05-21T12:37:09","guid":{"rendered":"http:\/\/argentinamunicipal.com.ar\/argentina\/?p=48723"},"modified":"2016-05-21T09:37:09","modified_gmt":"2016-05-21T12:37:09","slug":"insolito-gray-acumula-60-despidos-echeverria-cuestiono-veto-macri","status":"publish","type":"post","link":"http:\/\/argentinamunicipal.com.ar\/argentina\/insolito-gray-acumula-60-despidos-echeverria-cuestiono-veto-macri\/","title":{"rendered":"Ins\u00f3lito: Gray, que acumula 60 despidos en Echeverr\u00eda, cuestion\u00f3 el veto de Macri"},"content":{"rendered":"<p>El intendente de Esteban Echeverr\u00eda acumula 60 trabajadores despedidos desde diciembre. Diez d\u00edas atr\u00e1s sum\u00f3 11 cesanteados m\u00e1s. Pero no fue \u00f3bice para que saliera a cuestionar el veto de Macri a la ley antidespidos.<\/p>\n<p>En un curioso paso de comedia, el intendente de Esteban Echeverr\u00eda, Fernando Gray, sali\u00f3 a cuestionar el veto del presidente Mauricio Macri a la Ley Antidespidos, a pesar de que \u00e9l mismo acumula 60 cesanteados en los \u00faltimos meses, de los cuales 11 se produjeron diez d\u00edas atr\u00e1s.<\/p>\n<p>En un mensaje difundido a trav\u00e9s de Twitter, Gray explic\u00f3 su ausencia en el acto que Macri encabez\u00f3 en su distrito, en el que explic\u00f3 por qu\u00e9 vet\u00f3 la norma sancionada por el Congreso durante la \u00faltima semana. \u201cEn esta oportunidad, soy respetuoso de la investidura presidencial, pero no lo voy a acompa\u00f1ar a vetar la ley antidespidos\u201d, desafi\u00f3.<\/p>\n<p>\u201cPodemos discutir los alcances de la ley. Pero si sirve para frenar un s\u00f3lo despido: es importante. Por eso no fu\u00ed al acto de #veto\u201d, agreg\u00f3. En el Sindicato de Trabajadores Municipales tomaron con sorna los dichos del Jefe Comunal. \u201cDesde que arranc\u00f3 el nuevo mandato suma sesenta despidos\u201d, explicaron a INFOCIELO.<\/p>\n<p>En los \u00faltimos diez d\u00edas, Gray decidi\u00f3 despedir a 11 trabajadores del sector del galp\u00f3n de log\u00edstica de Desarrollo Social.\u00a0Adem\u00e1s, le achacan la pol\u00edtica de no negociar con los gremios ni adaptarse a la ley de Paritarias Municipales. En lugar de vetarla, como Macri, directamente la ignora. Tal es as\u00ed que decidi\u00f3 aumentar los salarios unilateralmente, en torno al 30 por ciento a pagarse en cuotas, sin cruzar una palabra con los gremios.<\/p>\n<p>No es casualidad que Adri\u00e1n Gouin, secretario general del Sindicato de Trabajadores Municipales, haya caracterizado al Jefe Comunal como \u00abel primero en ajustar\u00bb.\u00a0\u00abDespidi\u00f3 trabajadores, reprimi\u00f3, no respeta la ley, no tenemos convenios colectivos de trabajo\u00bb, denunci\u00f3 durante su participaci\u00f3n en Demasiado Humo, el programa de debate de QM Noticias.<\/p>\n<h6>Fuente: InfoCielo<\/h6>\n","protected":false},"excerpt":{"rendered":"<p>El intendente de Esteban Echeverr\u00eda acumula 60 trabajadores despedidos desde diciembre. Diez d\u00edas atr\u00e1s sum\u00f3 11 cesanteados m\u00e1s. Pero no fue \u00f3bice para que saliera a cuestionar el veto de Macri a la ley antidespidos.<\/p>\n","protected":false},"author":2,"featured_media":48724,"comment_status":"closed","ping_status":"closed","sticky":false,"template":"","format":"standard","meta":{"footnotes":""},"categories":[4],"tags":[12],"class_list":["post-48723","post","type-post","status-publish","format-standard","has-post-thumbnail","hentry","category-informe-politico","tag-buenos-aires"],"_links":{"self":[{"href":"http:\/\/argentinamunicipal.com.ar\/argentina\/wp-json\/wp\/v2\/posts\/48723","targetHints":{"allow":["GET"]}}],"collection":[{"href":"http:\/\/argentinamunicipal.com.ar\/argentina\/wp-json\/wp\/v2\/posts"}],"about":[{"href":"http:\/\/argentinamunicipal.com.ar\/argentina\/wp-json\/wp\/v2\/types\/post"}],"author":[{"embeddable":true,"href":"http:\/\/argentinamunicipal.com.ar\/argentina\/wp-json\/wp\/v2\/users\/2"}],"replies":[{"embeddable":true,"href":"http:\/\/argentinamunicipal.com.ar\/argentina\/wp-json\/wp\/v2\/comments?post=48723"}],"version-history":[{"count":0,"href":"http:\/\/argentinamunicipal.com.ar\/argentina\/wp-json\/wp\/v2\/posts\/48723\/revisions"}],"wp:featuredmedia":[{"embeddable":true,"href":"http:\/\/argentinamunicipal.com.ar\/argentina\/wp-json\/wp\/v2\/media\/48724"}],"wp:attachment":[{"href":"http:\/\/argentinamunicipal.com.ar\/argentina\/wp-json\/wp\/v2\/media?parent=48723"}],"wp:term":[{"taxonomy":"category","embeddable":true,"href":"http:\/\/argentinamunicipal.com.ar\/argentina\/wp-json\/wp\/v2\/categories?post=48723"},{"taxonomy":"post_tag","embeddable":true,"href":"http:\/\/argentinamunicipal.com.ar\/argentina\/wp-json\/wp\/v2\/tags?post=48723"}],"curies":[{"name":"wp","href":"https:\/\/api.w.org\/{rel}","templated":true}]}}