{"id":48726,"date":"2016-05-21T09:43:30","date_gmt":"2016-05-21T12:43:30","guid":{"rendered":"http:\/\/argentinamunicipal.com.ar\/argentina\/?p=48726"},"modified":"2016-05-21T09:43:30","modified_gmt":"2016-05-21T12:43:30","slug":"un-modelo-de-precarizacion","status":"publish","type":"post","link":"http:\/\/argentinamunicipal.com.ar\/argentina\/un-modelo-de-precarizacion\/","title":{"rendered":"Un modelo de precarizaci\u00f3n"},"content":{"rendered":"<p>La av\u00edcola que Macri presenta como ejemplo s\u00f3lo reincorpor\u00f3 a 1300 de los 3500 trabajadores despedidos. En el momento en que el Presidente anunci\u00f3 el veto a la ley antidespidos los empleados estaban de paro por la falta de pago de sus salarios.<\/p>\n<p>Fue el primer conflicto por despidos que reprimi\u00f3 este gobierno, y ayer el presidente Mauricio Macri eligi\u00f3 por segunda vez el escenario de la empresa Cresta Roja para mostrarla como modelo de su supuesta reactivaci\u00f3n, aunque fue desmentido en forma inmediata y lapidaria. Los empleados de la planta productora de pollos le respondieron que el anuncio del veto a la ley antidespidos que hab\u00eda hecho all\u00ed horas antes \u201cfue una provocaci\u00f3n a todos los trabajadores del pa\u00eds y a noso- tros en particular, por pretender usarnos como emblema para mentir sobre el empleo\u201d. Al mismo tiempo que Macri dec\u00eda en su discurso que en la planta productora de pollos \u201cestaba todo al d\u00eda\u201d, los empleados se encontraban de paro porque no les hab\u00edan pagado los sueldos. Y se negaron a participar del acto, al que acudi\u00f3 un reducido grupo junto a la comisi\u00f3n interna, supervisores y personal jer\u00e1rquico. \u201cEstamos indignados, vino a vender pescado podrido, nos est\u00e1 usando para vender algo que no es real\u201d, dijo a P\u00e1gina\/12 Dar\u00edo S\u00e1nchez, uno de los trabajadores que pudo ingresar a la planta el mes pasado.<\/p>\n<p>\u201cEl Presidente dijo que ac\u00e1 hab\u00eda 4 turnos, que estamos todos al d\u00eda, todos adentro y en realidad hay 1000 compa\u00f1eros en la calle con 6 mil pesos miserables y sin ninguna certeza de que van a entrar. Los que estamos adentro tenemos contratos precarizados, ritmos elevados que el cuerpo apenas aguanta y nos bajaron el sueldo\u201d, agreg\u00f3 el operario. De hecho, cuando Macri se retiraba lleg\u00f3 a escuchar un pedido: \u201cNo se olvide de los compa\u00f1eros\u201d, le dijeron antes de que subiera al auto que lo sac\u00f3 del lugar por una salida alternativa, porque la principal estaba bloqueada por otra protesta, de la Asociaci\u00f3n Judicial Bonaerense.<\/p>\n<p>\u201cNos enteramos de la visita porque sali\u00f3 en Internet, nos presentamos a trabajar pero arrancamos de paro porque no nos pagaron. Cuando Macri lleg\u00f3 a las 10 ya est\u00e1bamos de paro desde las 8.30, la planta estaba parada, y se desesperaban para que empecemos a trabajar porque ven\u00eda el Presidente, dec\u00edan que fue un error administrativo al liquidar los sueldos, nos trataban de convencer y se lleg\u00f3 a un arreglo. Empezamos a trabajar pero con la desconfianza de que no hab\u00edamos cobrado, reci\u00e9n nos depositaron los sueldos despu\u00e9s del mediod\u00eda, por eso todo lo que \u00e9l dijo fue una mentira\u201d, describi\u00f3 S\u00e1nchez. \u201cLos delegados nos ped\u00edan que fu\u00e9ramos pero no, en repudio al acto nos quedamos en el comedor de la empresa, s\u00f3lo fueron unos treinta, y personal de supervisi\u00f3n y control de calidad, que tampoco hab\u00eda cobrado\u201d, agreg\u00f3.<\/p>\n<p>Cuando hab\u00edan pasado los minutos reglamentarios de los breves discursos que suele dar, llegaron los ecos de los bombos y cantos de la protesta que ven\u00edan de afuera. El clima ya se hab\u00eda puesto tenso y los presentes se esquivaban las miradas, visiblemente inc\u00f3modos, cuando Macri estir\u00f3 un poco sus palabras para tratar de responder a los insultos que llegaban del exterior. Tras hacer su en\u00e9sima menci\u00f3n a los t\u00edtulos que cosech\u00f3 en Boca Juniors, se dirigi\u00f3 a los trabajadores de Cresta Roja con una cita de Juan Domingo Per\u00f3n que ya hab\u00eda usado en campa\u00f1a. \u201cLa productividad debe guiar al pa\u00eds como una estrella polar\u201d, dijo, pero no logr\u00f3 aflojar el rictus de los rostros de su p\u00fablico.<\/p>\n<p>Poco despu\u00e9s del acto, los operarios exigieron a la comisi\u00f3n interna una asamblea para discutir las condiciones de trabajo y la continuidad de los propios delegados de la interna, \u201cque vienen acatando los planes del macrismo y la patronal y hoy (por ayer) permitieron que se realizara el acto\u201d. Seg\u00fan relat\u00f3 S\u00e1nchez, \u201cla nueva patronal dijo que la medida que hicimos fue un paso atr\u00e1s, que pensaron que hab\u00eda quedado claro que eso no pod\u00eda volver a pasar despu\u00e9s de la represi\u00f3n y el conflicto anterior. Nosotros estamos cumpliendo a rajatabla incluso con ritmos m\u00e1s elevados que antes, a veces se satura la l\u00ednea (de producci\u00f3n), pero no estamos dormidos, si falta el pago vamos a reaccionar\u201d. El operario destac\u00f3 que \u201cla asamblea concluy\u00f3 que la comisi\u00f3n interna adopt\u00f3 totalmente la l\u00ednea de la patronal, pero van a seguir hasta que cumplan su promesa de que entren todos los compa\u00f1eros a trabajar\u201d.<\/p>\n<p>Tras el dur\u00edsimo conflicto que se extendi\u00f3 todo el a\u00f1o pasado por los despidos y el cese de la producci\u00f3n en Cresta Roja, y luego de que las protestas de los trabajadores en los cortes de la autopista Riccheri fueran reprimidas a balazos de goma, el ministerio de Trabajo intervino y en abril la av\u00edcola volvi\u00f3 a producir. Pero lo hizo con menos de la mitad de los puestos: de 3500 retornaron 1300, con reducci\u00f3n salarial y, adem\u00e1s, precarizados con contratos por 180 d\u00edas, tales las condiciones que el macrismo se empe\u00f1a en imponer como \u201cmodelo\u201d. La asamblea tambi\u00e9n cuestion\u00f3 que pasen a cobrar por mes en lugar de por quincena como antes, la falta de pago de los premios por presentismo, y calific\u00f3 los contratos temporarios como inadmisibles. \u201cMacri vino a vetar la ley antidespidos, y de paso le est\u00e1 dando v\u00eda libre a esta empresa para que vuelva a echar gente al vencimiento de nuestros contratos, pero nuestra pelea no fue para cobrar doble indemnizaci\u00f3n sino para volver a trabajar\u201d, enfatiz\u00f3 S\u00e1nchez.<\/p>\n<h6>Fuente: P\u00e1gina 12<\/h6>\n","protected":false},"excerpt":{"rendered":"<p>La av\u00edcola que Macri presenta como ejemplo s\u00f3lo reincorpor\u00f3 a 1300 de los 3500 trabajadores despedidos. En el momento en que el Presidente anunci\u00f3 el veto a la ley antidespidos los empleados estaban de paro <\/p>\n","protected":false},"author":2,"featured_media":48727,"comment_status":"closed","ping_status":"closed","sticky":false,"template":"","format":"standard","meta":{"footnotes":""},"categories":[4],"tags":[12],"class_list":["post-48726","post","type-post","status-publish","format-standard","has-post-thumbnail","hentry","category-informe-politico","tag-buenos-aires"],"_links":{"self":[{"href":"http:\/\/argentinamunicipal.com.ar\/argentina\/wp-json\/wp\/v2\/posts\/48726","targetHints":{"allow":["GET"]}}],"collection":[{"href":"http:\/\/argentinamunicipal.com.ar\/argentina\/wp-json\/wp\/v2\/posts"}],"about":[{"href":"http:\/\/argentinamunicipal.com.ar\/argentina\/wp-json\/wp\/v2\/types\/post"}],"author":[{"embeddable":true,"href":"http:\/\/argentinamunicipal.com.ar\/argentina\/wp-json\/wp\/v2\/users\/2"}],"replies":[{"embeddable":true,"href":"http:\/\/argentinamunicipal.com.ar\/argentina\/wp-json\/wp\/v2\/comments?post=48726"}],"version-history":[{"count":0,"href":"http:\/\/argentinamunicipal.com.ar\/argentina\/wp-json\/wp\/v2\/posts\/48726\/revisions"}],"wp:featuredmedia":[{"embeddable":true,"href":"http:\/\/argentinamunicipal.com.ar\/argentina\/wp-json\/wp\/v2\/media\/48727"}],"wp:attachment":[{"href":"http:\/\/argentinamunicipal.com.ar\/argentina\/wp-json\/wp\/v2\/media?parent=48726"}],"wp:term":[{"taxonomy":"category","embeddable":true,"href":"http:\/\/argentinamunicipal.com.ar\/argentina\/wp-json\/wp\/v2\/categories?post=48726"},{"taxonomy":"post_tag","embeddable":true,"href":"http:\/\/argentinamunicipal.com.ar\/argentina\/wp-json\/wp\/v2\/tags?post=48726"}],"curies":[{"name":"wp","href":"https:\/\/api.w.org\/{rel}","templated":true}]}}