{"id":48732,"date":"2016-05-21T07:49:42","date_gmt":"2016-05-21T10:49:42","guid":{"rendered":"http:\/\/argentinamunicipal.com.ar\/argentina\/?p=48732"},"modified":"2016-05-21T09:57:30","modified_gmt":"2016-05-21T12:57:30","slug":"sancor-2-meses-esta-tras-una-audiencia-macri","status":"publish","type":"post","link":"http:\/\/argentinamunicipal.com.ar\/argentina\/sancor-2-meses-esta-tras-una-audiencia-macri\/","title":{"rendered":"\u201cSanCor hace 2 meses est\u00e1 tras una audiencia con Macri\u201d"},"content":{"rendered":"<p>Pol\u00e9mica. El ministro santafesino respondi\u00f3 a Buryaile por la crisis financiera de la cooperativa l\u00e1ctea. Dijo que pasaron 50 d\u00edas de crisis h\u00eddrica y no se puede subestimar lo que ocurri\u00f3.<\/p>\n<p>Como casi desde el comienzo de la emergencia h\u00eddrica y de la crisis generada por el agua en los sectores productivos, el ministro de la Producci\u00f3n de Santa Fe, Luis Contigiani, volvi\u00f3 a reclamar acciones urgentes de la Naci\u00f3n para ayudar a los sectores afectados. Esta vez, el pedido fue por la dif\u00edcil situaci\u00f3n financiera que atraviesa SanCor, una de las cooperativas l\u00e1cteas m\u00e1s importantes de Am\u00e9rica. El cruce se produjo luego de que el funcionario provincial sugiriera que hab\u00eda sectores del gobierno de Macri que pretend\u00edan que la empresa l\u00e1ctea deje de ser cooperativa, y que se necesitaba apoyo pol\u00edtico nacional para el plan de reestructuraci\u00f3n de la cooperativa.<\/p>\n<p>Este viernes, en declaraciones a LT10, el ministro de Agroindustria de la Naci\u00f3n, Ricardo Buryaile, contest\u00f3 a Contigiani y dijo que se hab\u00eda sentido molesto con esas afirmaciones.<\/p>\n<p>\u201cEstuve reunido varias veces con el presidente de SanCor. Para nosotros es muy importante que SanCor solucione sus problemas. No tenemos ning\u00fan inter\u00e9s en que deje de ser cooperativa para transformarse en sociedad an\u00f3nima\u201d, expres\u00f3 Buryaile y agreg\u00f3: \u201cTengo la sensaci\u00f3n que quieren instalar la idea que todo lo malo que sucede en la provincia de Santa Fe es por culpa del gobierno nacional y no del gobierno que est\u00e1 en el poder desde hace nueve a\u00f1os\u201d.<\/p>\n<p>En tanto, en di\u00e1logo con Diario UNO, Contiagini reconoci\u00f3 que el titular de Agroindustria estuvo reunido con la c\u00fapula de SanCor, pero sostuvo que eso no alcanza y que se requiere una decisi\u00f3n pol\u00edtica para ayudar a la cooperativa l\u00e1ctea.<\/p>\n<p>\u201cEs cierto que tuvieron contacto con el ministro de la Producci\u00f3n nacional, Cabrera, y con Buryaile, pero no se resuelven los problemas y hace dos meses que est\u00e1n queriendo llegar al Presidente de la Naci\u00f3n y no pueden\u201d, reflej\u00f3. En esa l\u00ednea, se pregunt\u00f3 cu\u00e1l es el plan de Macri para la empresa y dijo: \u201cEl mi\u00e9rcoles el jefe de Gabinete, Marcos Pe\u00f1a, les cancel\u00f3 una audiencia. Salvo algunos sondeos por parte del ministro Cabrera y de Buryaile, con el resto que son los actores m\u00e1s importantes como el presidente del Banco Naci\u00f3n, el ministro del Interior, el jefe de Gabinete, todav\u00eda no se tuvo posibilidad de hablar\u201d.<\/p>\n<p><strong>Sobre SanCor<\/strong><br \/>\nSanCor est\u00e1 situada en la regi\u00f3n central m\u00e1s importante de Latinoam\u00e9rica en t\u00e9rminos l\u00e1cteos, y es junto con La Seren\u00edsima la empresa que m\u00e1s leche procesa por d\u00eda, llegando a los 4 millones de litros por jornada. Tiene adem\u00e1s 4.700 empleados, 1.300 tamberos directos, y 20.000 personas involucradas en todo el proceso productivo.<\/p>\n<p>Seg\u00fan Contigiani, el problema de la cooperativa \u201ces m\u00e1s financiero que comercial\u201d, y por este motivo desde el gobierno provincial se est\u00e1n buscando fuentes de financiamiento y la apertura de nuevos mercados en Cuba, Rusia e Italia.<\/p>\n<p>\u201cNo podemos hacer m\u00e1s eso, porque este es un tema nacional, porque SanCor tiene una envergadura nacional. Yo desde el ministerio, donde tengo 500 millones de pesos de presupuesto, no puedo ofrecerles un financiamiento extraordinario\u201d, explic\u00f3 y reclam\u00f3 una decisi\u00f3n pol\u00edtica de acompa\u00f1amiento a la empresa desde el Banco Naci\u00f3n y fomentando el comercio exterior.<\/p>\n<p>El funcionario provincial indic\u00f3 que \u201cSanCor es una cooperativa de grandes dimensiones que necesita mucha leche y mucho mercado externo\u201d, y que hoy carece de ambos elementos.\u00a0\u201cHoy no hay ni leche por la crisis h\u00eddrica, ni mercado externo. Entonces, pedimos que se apoye pol\u00edticamente y se le d\u00e9 la envergadura a la cooperativa que est\u00e1 queriendo hacer los cambios que hay que hacer\u201d, plante\u00f3.<\/p>\n<p><strong>Acuerdo con Venezuela<\/strong><br \/>\nA principios de a\u00f1o, SanCor firm\u00f3 un contrato con Venezuela para la venta de 40 mil toneladas de leche en polvo, por un monto cercano a los 160 millones de d\u00f3lares y, de acuerdo a lo que manifest\u00f3 el ministro de la Producci\u00f3n, \u201cestuvo demorado cuatro meses por cuestiones burocr\u00e1ticas\u201d.<\/p>\n<p>\u201cReci\u00e9n ahora se estar\u00edan elevando los primeros embarques y entrando el primer dinero. Entonces, se estuvieron financiando muy caro y mal en estos cuatro meses, a esto hay que sumarle la emergencia h\u00eddrica y los aumentos de tarifa de Aranguren que impactaron muy fuerte\u201d, se\u00f1al\u00f3 y respondi\u00f3 a Buryaile: \u201cNosotros hace 8 que gobernamos y nos hacemos cargo, pero Aranguren aument\u00f3 el costo de la energ\u00eda en el 1000%, y entonces todo contribuye a esta situaci\u00f3n\u201d.<\/p>\n<p><strong>La situaci\u00f3n en la provincia<\/strong><br \/>\nSeg\u00fan estimaciones del ministro, debido a la emergencia h\u00eddrica, Santa Fe es la provincia m\u00e1s afectada de todo el pa\u00eds. Ha perdido aproximadamente 4 millones de toneladas de soja, y en total con las distintas actividades productivas, el perjuicio ser\u00e1 superior a los 2.000 millones de d\u00f3lares.\u00a0En este sentido, sobre las medidas nacionales para el sector que se anunciar\u00e1n el martes pr\u00f3ximo, Contigiani sostuvo que \u201csiempre son medidas a futuro\u201d y pidi\u00f3 \u201ccosas concretas\u201d.<\/p>\n<p>\u201cPrometieron 55 millones de pesos del Fondo Nacional de Emergencia y no han llegado, y la compensaci\u00f3n l\u00e1ctea de 50 centavos por litro de leche todav\u00eda no se pag\u00f3\u201d, reclam\u00f3 y dijo: \u201cLo \u00fanico concreto son las l\u00edneas de cr\u00e9dito del Banco Naci\u00f3n, aunque algunos gerentes no las quieren aplicar y les recomiendan a los productores que no saquen el certificado de emergencia y les ofrecen cr\u00e9ditos con tasa del 33%, por ejemplo el gerente para la zona de Reconquista\u201d.<\/p>\n<p>\u201cEsperemos a ver qu\u00e9 anuncian el martes, pero estamos a 50 d\u00edas de la emergencia h\u00eddrica y la situaci\u00f3n es complicada. No se puede subestimar lo que ocurri\u00f3 y el impacto que hubo\u201d, finaliz\u00f3.<\/p>\n<p><strong>Corral y Henn tambi\u00e9n entraron en la pol\u00e9mica<\/strong><br \/>\n\u201cNo me gusta que los funcionarios le echen la culpa a otro. No me gusta la actitud del ministro de la Producci\u00f3n de Santa Fe. Todos tenemos que arremangarnos y ayudar. Yo prefiero el trabajo conjunto. La provincia tambi\u00e9n puede colaborar con una ayuda a SanCor\u201d, dijo Corral en declaraciones period\u00edsticas consultado sobre el cruce entre Contigiani y Buryaile.<\/p>\n<p>El intendente de Santa Fe y presidente del radicalismo se mostr\u00f3 duro con el ministro santafesino y agreg\u00f3: \u201cHay que trabajar en forma conjunta y no dedicarse a sembrar intrigas. Me consta que Macri, el ministro Buryaile, el ministro Cabrera y Marcos Pe\u00f1a est\u00e1n encima de esta situaci\u00f3n. Ya demostraron con Cresta Roja que est\u00e1n trabajando con las empresas en crisis. El gobierno provincial deber\u00eda bajar la pol\u00e9mica y dedicarse a trabajar\u201d.<br \/>\nEn tanto, el exvicegobernador y actual diputado provincial, Jorge Henn, entr\u00f3 tambi\u00e9n en la pol\u00e9mica y expres\u00f3: \u201cTanto Buryaile como Corral creen que se trata de dinero. Y no, se trata de pol\u00edtica\u201d.<\/p>\n<p>\u201cHasta ahora, salvo una leve respuesta al sector lechero y 25 millones que fueron anunciados tres veces, la gesti\u00f3n central no abri\u00f3 cr\u00e9ditos a baja tasa del Banco Naci\u00f3n; no envi\u00f3 fondos para la reconstrucci\u00f3n de caminos y rutas; ni respondi\u00f3 a la provincia sobre la necesidad de subsidiar las tarifas el\u00e9ctricas para los sectores afectados\u201d, enfatiz\u00f3.<\/p>\n<p>Por \u00faltimo, se\u00f1al\u00f3 que \u201clos productores reconocen claramente que la \u00fanica ayuda que est\u00e1n recibiendo es del gobierno provincial. Y est\u00e1n muy enojados porque las ayudas prometidas desde la Naci\u00f3n, sobre todo en lo crediticio, no llegan\u201d.<\/p>\n<h6>Fuente: Uno Santa Fe<\/h6>\n","protected":false},"excerpt":{"rendered":"<p>Pol\u00e9mica. El ministro santafesino respondi\u00f3 a Buryaile por la crisis financiera de la cooperativa l\u00e1ctea. Dijo que pasaron 50 d\u00edas de crisis h\u00eddrica y no se puede subestimar lo que ocurri\u00f3. <\/p>\n","protected":false},"author":2,"featured_media":48733,"comment_status":"closed","ping_status":"closed","sticky":false,"template":"","format":"standard","meta":{"footnotes":""},"categories":[65],"tags":[10],"class_list":["post-48732","post","type-post","status-publish","format-standard","has-post-thumbnail","hentry","category-provincias","tag-santa-fe"],"_links":{"self":[{"href":"http:\/\/argentinamunicipal.com.ar\/argentina\/wp-json\/wp\/v2\/posts\/48732","targetHints":{"allow":["GET"]}}],"collection":[{"href":"http:\/\/argentinamunicipal.com.ar\/argentina\/wp-json\/wp\/v2\/posts"}],"about":[{"href":"http:\/\/argentinamunicipal.com.ar\/argentina\/wp-json\/wp\/v2\/types\/post"}],"author":[{"embeddable":true,"href":"http:\/\/argentinamunicipal.com.ar\/argentina\/wp-json\/wp\/v2\/users\/2"}],"replies":[{"embeddable":true,"href":"http:\/\/argentinamunicipal.com.ar\/argentina\/wp-json\/wp\/v2\/comments?post=48732"}],"version-history":[{"count":0,"href":"http:\/\/argentinamunicipal.com.ar\/argentina\/wp-json\/wp\/v2\/posts\/48732\/revisions"}],"wp:featuredmedia":[{"embeddable":true,"href":"http:\/\/argentinamunicipal.com.ar\/argentina\/wp-json\/wp\/v2\/media\/48733"}],"wp:attachment":[{"href":"http:\/\/argentinamunicipal.com.ar\/argentina\/wp-json\/wp\/v2\/media?parent=48732"}],"wp:term":[{"taxonomy":"category","embeddable":true,"href":"http:\/\/argentinamunicipal.com.ar\/argentina\/wp-json\/wp\/v2\/categories?post=48732"},{"taxonomy":"post_tag","embeddable":true,"href":"http:\/\/argentinamunicipal.com.ar\/argentina\/wp-json\/wp\/v2\/tags?post=48732"}],"curies":[{"name":"wp","href":"https:\/\/api.w.org\/{rel}","templated":true}]}}