{"id":48735,"date":"2016-05-23T06:42:00","date_gmt":"2016-05-23T09:42:00","guid":{"rendered":"http:\/\/argentinamunicipal.com.ar\/argentina\/?p=48735"},"modified":"2016-05-23T07:43:36","modified_gmt":"2016-05-23T10:43:36","slug":"ingenieros-bonaerenses-ponen-grito-cielo-la-idea-macri-importar-profesionales","status":"publish","type":"post","link":"http:\/\/argentinamunicipal.com.ar\/argentina\/ingenieros-bonaerenses-ponen-grito-cielo-la-idea-macri-importar-profesionales\/","title":{"rendered":"Ingenieros bonaerenses ponen el grito en el cielo contra la idea de Macri de \u201cimportar\u201d profesionales"},"content":{"rendered":"<p>La entidad que aglutina al sector critic\u00f3 los dichos del Presidente ante empresarios y acad\u00e9micos italianos a quienes les plante\u00f3 contratar personal calificado de su pa\u00eds.<\/p>\n<p>De forma particular e in\u00e9dita el colegio de Ingenieros de la Provincia le salieron al cruce al Presidente Mauricio Macri por plantear que contratar\u00eda profesionales de dicho sector para trabajar en el pa\u00eds.<\/p>\n<p>\u201cEl presidente Mauricio Macri insisti\u00f3 con su idea de importar ingenieros desde Italia para cubrir un supuesto d\u00e9ficit de profesionales de la ingenier\u00eda en diferentes ramas, esta vez lo hizo ante una comitiva de empresarios y acad\u00e9micos italianos. \u201cSi hubiera un d\u00e9ficit de ingenieros, lo que corresponder\u00eda es profundizar las pol\u00edticas de promoci\u00f3n de la ingenier\u00eda\u201d, se\u00f1alaron desde la instituci\u00f3n bonaerense.<\/p>\n<p>Desde el entorno del presidente sostienen que el objetivo es que los ingenieros italianos y argentinos puedan tener una doble diplomatura para poder ejercer indistintamente en ambos pa\u00edses, sin embargo las palabras de Macri a un medio italiano fueron claras cuando afirm\u00f3 que el pa\u00eds estar\u00eda en condiciones de recibir a profesionales desde Italia.<\/p>\n<p>Lo que hace falta es \u00abprofundizar la formaci\u00f3n de ingenieros argentinos en lugar de buscarlos en otros pa\u00edses\u00bb enfatiz\u00f3 el Ingeniero Norberto Beliera, presidente del CIPBA, y record\u00f3 que \u201cdesde el 2003 y gracias a planes estrat\u00e9gicos hay una curva ascendente en la formaci\u00f3n de ingenieros argentinos\u201d.<\/p>\n<p>En aquella oportunidad desde los diferentes Colegios y Federaciones de Ingenieros de la Argentina rechazaron esta posibilidad y \u201cpor eso ahora se presenta como un modelo de intercambio, cuando en realidad lo que se busca es importar ingenieros\u201d, cuestion\u00f3 Beliera.<\/p>\n<h6>Fuente: InfoCielo<\/h6>\n","protected":false},"excerpt":{"rendered":"<p>La entidad que aglutina al sector critic\u00f3 los dichos del Presidente ante empresarios y acad\u00e9micos italianos a quienes les plante\u00f3 contratar personal calificado de su pa\u00eds.<\/p>\n","protected":false},"author":2,"featured_media":48736,"comment_status":"closed","ping_status":"closed","sticky":false,"template":"","format":"standard","meta":{"footnotes":""},"categories":[8],"tags":[12],"class_list":["post-48735","post","type-post","status-publish","format-standard","has-post-thumbnail","hentry","category-informe-nacional","tag-buenos-aires"],"_links":{"self":[{"href":"http:\/\/argentinamunicipal.com.ar\/argentina\/wp-json\/wp\/v2\/posts\/48735","targetHints":{"allow":["GET"]}}],"collection":[{"href":"http:\/\/argentinamunicipal.com.ar\/argentina\/wp-json\/wp\/v2\/posts"}],"about":[{"href":"http:\/\/argentinamunicipal.com.ar\/argentina\/wp-json\/wp\/v2\/types\/post"}],"author":[{"embeddable":true,"href":"http:\/\/argentinamunicipal.com.ar\/argentina\/wp-json\/wp\/v2\/users\/2"}],"replies":[{"embeddable":true,"href":"http:\/\/argentinamunicipal.com.ar\/argentina\/wp-json\/wp\/v2\/comments?post=48735"}],"version-history":[{"count":0,"href":"http:\/\/argentinamunicipal.com.ar\/argentina\/wp-json\/wp\/v2\/posts\/48735\/revisions"}],"wp:featuredmedia":[{"embeddable":true,"href":"http:\/\/argentinamunicipal.com.ar\/argentina\/wp-json\/wp\/v2\/media\/48736"}],"wp:attachment":[{"href":"http:\/\/argentinamunicipal.com.ar\/argentina\/wp-json\/wp\/v2\/media?parent=48735"}],"wp:term":[{"taxonomy":"category","embeddable":true,"href":"http:\/\/argentinamunicipal.com.ar\/argentina\/wp-json\/wp\/v2\/categories?post=48735"},{"taxonomy":"post_tag","embeddable":true,"href":"http:\/\/argentinamunicipal.com.ar\/argentina\/wp-json\/wp\/v2\/tags?post=48735"}],"curies":[{"name":"wp","href":"https:\/\/api.w.org\/{rel}","templated":true}]}}