{"id":48747,"date":"2016-05-23T07:09:16","date_gmt":"2016-05-23T10:09:16","guid":{"rendered":"http:\/\/argentinamunicipal.com.ar\/argentina\/?p=48747"},"modified":"2016-05-23T07:20:39","modified_gmt":"2016-05-23T10:20:39","slug":"la-iglesia-salio-advertir-la-fragilidad-del-empleo-pais","status":"publish","type":"post","link":"http:\/\/argentinamunicipal.com.ar\/argentina\/la-iglesia-salio-advertir-la-fragilidad-del-empleo-pais\/","title":{"rendered":"La Iglesia sali\u00f3 a advertir sobre la \u00abfragilidad\u00bb del empleo en el pa\u00eds"},"content":{"rendered":"<p>En medio de la discusi\u00f3n por el veto de Macri a la ley contra los despidos, la Iglesia Cat\u00f3lica advirti\u00f3 sobre la \u201cfragilidad de la condici\u00f3n laboral de miles\u201d de argentinos y sobre \u201csituaciones de precarizaci\u00f3n\u201d que afectan a \u201cbuena parte de los trabajadores\u201d.<\/p>\n<p>Luego del veto de Mauricio Macri a la ley antidespidos, la Iglesia Cat\u00f3lica expres\u00f3 su preocupaci\u00f3n por la \u201cfragilidad de la condici\u00f3n laboral de miles\u201d de argentinos, as\u00ed como de los que \u201cviven en la miseria y no cubren sus necesidades m\u00e1s elementales\u201d. La frase form\u00f3 parte del mensaje final del encuentro en Mar del Plata organizado por la Pastoral Social, en el que convocaron a sindicalistas, empresarios, funcionarios y movimientos sociales. La misiva lleg\u00f3 en un momento en el que dirigentes cercanos al macrismo cuestionaron al papa Jorge Bergoglio.<\/p>\n<p>El mensaje final de la Semana Social tuvo como lema: \u201cQueremos ser Naci\u00f3n. Necesitamos ponernos la Patria al hombro\u201d. En el encuentro estuvieron la gobernadora Mar\u00eda Eugenia Vidal, adem\u00e1s de ministros del gobierno nacional, como el de Trabajo, Jorge Triaca, la de Desarrollo Social, Carolina Stanley, y el secretario de Culto, Santiago de Estrada. Sin embargo, el documento final incluy\u00f3 advertencias al oficialismo.<\/p>\n<p>\u201cHemos ratificado el compromiso de la opci\u00f3n preferencial por los pobres. Nos preocupan los rostros concretos de quienes viven en la miseria y no cubren sus necesidades m\u00e1s elementales. Particularmente tuvimos en cuenta la necesidad urgente de una adecuada nutrici\u00f3n infantil\u201d, se\u00f1alaron en el texto que se conoci\u00f3 luego del cierre del encuentro, a cargo de los obispos Jorge Lozano y Jorge Casaretto.<\/p>\n<p>Destacaron, entre otros problemas laborales, \u201csituaciones de precarizaci\u00f3n laboral en que est\u00e1n inmersos buena parte de los trabajadores, que no tienen acceso a sus derechos sociales ni protecci\u00f3n del Estado y que son se\u00f1ales de alerta que no se pueden deso\u00edr\u201d.<\/p>\n<p>Tras el veto presidencial que anul\u00f3 una decisi\u00f3n votada por la mayor\u00eda del Congreso, tambi\u00e9n remarcaron \u201cla importancia del di\u00e1logo, la cultura del encuentro y la amistad social como caminos para lograr el clima necesario para alcanzar los consensos que permitan encontrar las soluciones anheladas\u201d.<\/p>\n<p>\u201cNuestra intenci\u00f3n ha sido promover un espacio de di\u00e1logo para crecer en la amistad social. En este contexto, de la celebraci\u00f3n del Bicentenario de la Patria, queremos alentar el fortalecimiento del sistema democr\u00e1tico, la independencia de los tres poderes del Estado, promoviendo la participaci\u00f3n ciudadana\u201d, indicaron.<\/p>\n<p>Entre otras cuestiones, remarcaron las \u201curgentes preocupaciones por el cuidado del ambiente, la corrupci\u00f3n, el narcotr\u00e1fico, la adicci\u00f3n a los juegos de azar, como amenazas serias al desarrollo integral y la promoci\u00f3n humana\u201d. \u201cLa Argentina es el lugar que amamos, este es el pueblo al que pertenecemos. Aqu\u00ed queremos vivir, crecer y so\u00f1ar en nuestra casa com\u00fan. Para ello es necesario ponernos la Patria al hombro. Comprometi\u00e9ndonos cada uno desde el lugar que nos toca\u201d, concluy\u00f3 el documento.<\/p>\n<p>El s\u00e1bado, como parte de ese encuentro, las centrales sindicales dieron se\u00f1ales de unidad en un panel que se llam\u00f3, justamente, \u201cUnidad sindical\u201d. All\u00ed todos coincidieron en cuestionar el veto de Macri. Antes de los discursos de los sindicalistas, el obispo Lozano ley\u00f3 un mensaje enviado especialmente por el papa Francisco, en el que consider\u00f3 \u201cesencial profundizar la cultura del encuentro que permita el crecimiento de una comunidad comprometida que deje de lado la indiferencia y adopte compromisos concretos\u201d.<\/p>\n<h6>Fuente:\u00a0P\u00e1gina 12<\/h6>\n","protected":false},"excerpt":{"rendered":"<p>En medio de la discusi\u00f3n por el veto de Macri a la ley contra los despidos, la Iglesia Cat\u00f3lica advirti\u00f3 sobre la \u201cfragilidad de la condici\u00f3n laboral de miles\u201d de argentinos y sobre \u201csituaciones de precarizaci\u00f3n\u201d <\/p>\n","protected":false},"author":2,"featured_media":48749,"comment_status":"closed","ping_status":"closed","sticky":false,"template":"","format":"standard","meta":{"footnotes":""},"categories":[8],"tags":[21],"class_list":["post-48747","post","type-post","status-publish","format-standard","has-post-thumbnail","hentry","category-informe-nacional","tag-argentina"],"_links":{"self":[{"href":"http:\/\/argentinamunicipal.com.ar\/argentina\/wp-json\/wp\/v2\/posts\/48747","targetHints":{"allow":["GET"]}}],"collection":[{"href":"http:\/\/argentinamunicipal.com.ar\/argentina\/wp-json\/wp\/v2\/posts"}],"about":[{"href":"http:\/\/argentinamunicipal.com.ar\/argentina\/wp-json\/wp\/v2\/types\/post"}],"author":[{"embeddable":true,"href":"http:\/\/argentinamunicipal.com.ar\/argentina\/wp-json\/wp\/v2\/users\/2"}],"replies":[{"embeddable":true,"href":"http:\/\/argentinamunicipal.com.ar\/argentina\/wp-json\/wp\/v2\/comments?post=48747"}],"version-history":[{"count":0,"href":"http:\/\/argentinamunicipal.com.ar\/argentina\/wp-json\/wp\/v2\/posts\/48747\/revisions"}],"wp:featuredmedia":[{"embeddable":true,"href":"http:\/\/argentinamunicipal.com.ar\/argentina\/wp-json\/wp\/v2\/media\/48749"}],"wp:attachment":[{"href":"http:\/\/argentinamunicipal.com.ar\/argentina\/wp-json\/wp\/v2\/media?parent=48747"}],"wp:term":[{"taxonomy":"category","embeddable":true,"href":"http:\/\/argentinamunicipal.com.ar\/argentina\/wp-json\/wp\/v2\/categories?post=48747"},{"taxonomy":"post_tag","embeddable":true,"href":"http:\/\/argentinamunicipal.com.ar\/argentina\/wp-json\/wp\/v2\/tags?post=48747"}],"curies":[{"name":"wp","href":"https:\/\/api.w.org\/{rel}","templated":true}]}}