{"id":48776,"date":"2016-05-23T08:08:18","date_gmt":"2016-05-23T11:08:18","guid":{"rendered":"http:\/\/argentinamunicipal.com.ar\/argentina\/?p=48776"},"modified":"2016-05-23T08:08:18","modified_gmt":"2016-05-23T11:08:18","slug":"la-pobreza-avanza-los-trabajan-la-informalidad","status":"publish","type":"post","link":"http:\/\/argentinamunicipal.com.ar\/argentina\/la-pobreza-avanza-los-trabajan-la-informalidad\/","title":{"rendered":"La pobreza avanza sobre los que trabajan en la informalidad"},"content":{"rendered":"<p>Un documento de la UCA se\u00f1ala que el mayor riesgo de subocupaci\u00f3n y empobrecimiento no lo est\u00e1n experimentando en realidad los segmentos formales de la econom\u00eda sino los sectores informales.<\/p>\n<p>\u201cNadie puede desconocer que los incrementos en los precios y las tarifas y la menor actividad interna est\u00e1n generando un aumento de la pobreza. Estos nuevos pobres son, en general, familias de trabajadores de sectores populares no marginales o clase media baja que no cuentan con sistemas de protecci\u00f3n social. Y si bien hay una clara intenci\u00f3n en generar medidas de alivio, muchas de ellas ocurren a destiempo o son parciales\u201d.<\/p>\n<p>Las palabras son del director del Observatorio de la Deuda Social de la UCA, Agust\u00edn Salvia, quien adelant\u00f3 que en los pr\u00f3ximos d\u00edas se difundir\u00e1 un documento sobre el per\u00edodo 2010-15 y la actual coyuntura. En un informe anterior, el Observatorio hab\u00eda calculado a marzo pasado una tasa de pobreza de entre el 29 y 33% de la poblaci\u00f3n, con 1,4 millones de \u201cnuevos pobres\u201d con relaci\u00f3n a fines de 2015.<\/p>\n<p>En los avances del pr\u00f3ximo documento se se\u00f1ala que el mayor riesgo de subocupaci\u00f3n y empobrecimiento no lo est\u00e1n experimentando en realidad los segmentos formales de la econom\u00eda sino los sectores informales.<\/p>\n<p>\u201cNo s\u00f3lo el 30% de los hogares que, para subsistir, adem\u00e1s de realizar trabajos de indigencia reciben alg\u00fan tipo de ayuda social, sino tambi\u00e9n miles y miles de microempresas informales y emprendimientos familiares. Y con ellos una amplia capa de trabajadores asalariados precarios, trabajadores independientes no profesionales, peque\u00f1os comerciantes y trabajadores eventuales (no menos de 3 millones de trabajadores) los cuales, adem\u00e1s de carecer de visibilidad y de representaci\u00f3n pol\u00edtica, o debido a ello, no han sido objeto de una especial protecci\u00f3n social frente a la situaci\u00f3n cr\u00edtica generada por la ca\u00edda del consumo, el aumento de los precios y el mayor riesgo de despido o ca\u00edda de la actividad. Justamente es esta masa de segmentos vulnerables de clase media baja o sectores populares los que constituyen los \u2018nuevos pobres\u2019 que emergen de medidas \u2018normalizadoras\u2019\u00a0adoptadas por el actual gobierno\u201d.<\/p>\n<p>El documento tambi\u00e9n advierte sobre el riesgo que encierra poner demasiadas expectativas en el supuesto derrame social que habr\u00e1n de generar las nuevas inversiones. Y asegura que el sistema econ\u00f3mico argentino presenta barreras estructurales que operan como freno al desarrollo con inclusi\u00f3n social. En la lista, menciona, entre otras cosas, \u201cla concentraci\u00f3n econ\u00f3mica e inserci\u00f3n internacional a partir de una fuerte especializaci\u00f3n productiva basada en recursos primarios; profundas heterogeneidades en materia de productividad entre empresas, sectores y regiones con efectos directos sobre los mercados de trabajo y la calidad de empleos y remuneraciones; y fuerte concentraci\u00f3n econ\u00f3mica de capitales f\u00edsicos, financieros, recursos ambientales y de la riqueza, con creciente extranjerizaci\u00f3n de las empresas l\u00edderes\u201d.<\/p>\n<p>Adem\u00e1s, el documento se\u00f1ala que \u201cno parece justo que una vez finalizado el fest\u00edn se solicite que todos paguen por igual sus costos\u201d y agrega que las investigaciones muestran que \u201cmuy r\u00e1pidamente pueden sumarse miles de nuevos pobres si el derrame o las medidas de protecci\u00f3n social tardan m\u00e1s de lo previsto, resultan d\u00e9biles o no llegan\u201d. Salvia reconoci\u00f3 que \u201cen materia laboral no hay evidencias todav\u00eda de una crisis ocupacional, al menos en el sector formal. Sin embargo, s\u00ed esta habiendo una ca\u00edda en el nivel de actividad interna y la demanda de consumo, lo cual afecta principalmente a peque\u00f1as empresas\u201d.<\/p>\n<h6>Fuente: Los Andes<\/h6>\n","protected":false},"excerpt":{"rendered":"<p>Un documento de la UCA se\u00f1ala que el mayor riesgo de subocupaci\u00f3n y empobrecimiento no lo est\u00e1n experimentando en realidad los segmentos formales de la econom\u00eda sino los sectores informales.<\/p>\n","protected":false},"author":2,"featured_media":48777,"comment_status":"closed","ping_status":"closed","sticky":false,"template":"","format":"standard","meta":{"footnotes":""},"categories":[8],"tags":[21],"class_list":["post-48776","post","type-post","status-publish","format-standard","has-post-thumbnail","hentry","category-informe-nacional","tag-argentina"],"_links":{"self":[{"href":"http:\/\/argentinamunicipal.com.ar\/argentina\/wp-json\/wp\/v2\/posts\/48776","targetHints":{"allow":["GET"]}}],"collection":[{"href":"http:\/\/argentinamunicipal.com.ar\/argentina\/wp-json\/wp\/v2\/posts"}],"about":[{"href":"http:\/\/argentinamunicipal.com.ar\/argentina\/wp-json\/wp\/v2\/types\/post"}],"author":[{"embeddable":true,"href":"http:\/\/argentinamunicipal.com.ar\/argentina\/wp-json\/wp\/v2\/users\/2"}],"replies":[{"embeddable":true,"href":"http:\/\/argentinamunicipal.com.ar\/argentina\/wp-json\/wp\/v2\/comments?post=48776"}],"version-history":[{"count":0,"href":"http:\/\/argentinamunicipal.com.ar\/argentina\/wp-json\/wp\/v2\/posts\/48776\/revisions"}],"wp:featuredmedia":[{"embeddable":true,"href":"http:\/\/argentinamunicipal.com.ar\/argentina\/wp-json\/wp\/v2\/media\/48777"}],"wp:attachment":[{"href":"http:\/\/argentinamunicipal.com.ar\/argentina\/wp-json\/wp\/v2\/media?parent=48776"}],"wp:term":[{"taxonomy":"category","embeddable":true,"href":"http:\/\/argentinamunicipal.com.ar\/argentina\/wp-json\/wp\/v2\/categories?post=48776"},{"taxonomy":"post_tag","embeddable":true,"href":"http:\/\/argentinamunicipal.com.ar\/argentina\/wp-json\/wp\/v2\/tags?post=48776"}],"curies":[{"name":"wp","href":"https:\/\/api.w.org\/{rel}","templated":true}]}}