{"id":48789,"date":"2016-05-24T06:55:33","date_gmt":"2016-05-24T09:55:33","guid":{"rendered":"http:\/\/argentinamunicipal.com.ar\/argentina\/?p=48789"},"modified":"2016-05-24T06:55:33","modified_gmt":"2016-05-24T09:55:33","slug":"intendentes-massistas-se-suman-al-reclamo-las-reelecciones-indefinidas","status":"publish","type":"post","link":"http:\/\/argentinamunicipal.com.ar\/argentina\/intendentes-massistas-se-suman-al-reclamo-las-reelecciones-indefinidas\/","title":{"rendered":"Intendentes massistas se suman al reclamo contra las reelecciones indefinidas"},"content":{"rendered":"<p>Los jefes comunales respaldaron el proyecto legislativo impulsado por el Frente Renovador en la Legislatura bonaerense. \u201cNo nos podemos amarrar en el poder\u201d, se\u00f1al\u00f3 Sandra Mayol, alcalde de San Miguel del Monte.<\/p>\n<p>El debate de la semana para el Frente Renovador estar\u00e1 concentrado en la provincia de Buenos Aires. El posible tratamiento del proyecto de ley contra las reelecciones indefinidas en la Legislatura provincial reagrup\u00f3 la \u201ctropa\u201d massista detr\u00e1s de uno de los principales ejes planteados por Sergio Massa durante la \u00faltima elecci\u00f3n principal.<\/p>\n<p>En ese contexto, los principales intendentes del espacio salieron a acompa\u00f1ar las declaraciones de Massa y se posicionaron a favor de la reforma impulsada en el cuerpo legislativo provincial.<\/p>\n<p>\u201cDesde el Frente Renovador buscamos revalorizar la pol\u00edtica y esta ley es un salto cualitativo institucional que sigue ese camino\u201d, expres\u00f3 el intendente de la localidad balnearia de General Alvarado, Germ\u00e1n Di Cesare.<\/p>\n<p>En ese sentido mismo sentido se pronunci\u00f3 Facundo L\u00f3pez, Intendente de Necochea, quien afirm\u00f3 que \u201cla rotaci\u00f3n y renovaci\u00f3n es fundamental, son los dos pilares para que los distritos puedan crecer\u201d.<\/p>\n<p>La alcalde de San Miguel del Monte, Sandra Mayol, mostr\u00f3 su respaldo a la iniciativa de los diputados bonaerenses del FR y sostuvo: \u201cSe acabaron los pol\u00edticos eternos y esta propuesta renovadora es muy buena para que las gestiones lo planificado. No nos podemos amarrar en el poder, hay que darle lugar a los nuevos dirigentes para que crezcan y no volver a vivir lo que fueron los barones del conurbano bonaerense\u201d.<\/p>\n<p>Por \u00faltimo, Guillermo Britos, Jefe Comunal del Municipio de Chivilcoy, confi\u00f3 en que la Legislatura dar\u00e1 el apoyo necesario para que se apruebe la iniciativa que beneficiar\u00e1 a la dirigencia pol\u00edtica en general: \u201cEstoy de acuerdo con que se limiten las reelecciones en la Provincia porque benefician las instituciones y evita el desgaste de los funcionarios\u201d.<\/p>\n<h6>Fuente: InfoCielo<\/h6>\n","protected":false},"excerpt":{"rendered":"<p>Los jefes comunales respaldaron el proyecto legislativo impulsado por el Frente Renovador en la Legislatura bonaerense. \u201cNo nos podemos amarrar en el poder\u201d, se\u00f1al\u00f3 Sandra Mayol, alcalde de San Miguel del Monte.<\/p>\n","protected":false},"author":2,"featured_media":48790,"comment_status":"closed","ping_status":"closed","sticky":false,"template":"","format":"standard","meta":{"footnotes":""},"categories":[4],"tags":[12],"class_list":["post-48789","post","type-post","status-publish","format-standard","has-post-thumbnail","hentry","category-informe-politico","tag-buenos-aires"],"_links":{"self":[{"href":"http:\/\/argentinamunicipal.com.ar\/argentina\/wp-json\/wp\/v2\/posts\/48789","targetHints":{"allow":["GET"]}}],"collection":[{"href":"http:\/\/argentinamunicipal.com.ar\/argentina\/wp-json\/wp\/v2\/posts"}],"about":[{"href":"http:\/\/argentinamunicipal.com.ar\/argentina\/wp-json\/wp\/v2\/types\/post"}],"author":[{"embeddable":true,"href":"http:\/\/argentinamunicipal.com.ar\/argentina\/wp-json\/wp\/v2\/users\/2"}],"replies":[{"embeddable":true,"href":"http:\/\/argentinamunicipal.com.ar\/argentina\/wp-json\/wp\/v2\/comments?post=48789"}],"version-history":[{"count":0,"href":"http:\/\/argentinamunicipal.com.ar\/argentina\/wp-json\/wp\/v2\/posts\/48789\/revisions"}],"wp:featuredmedia":[{"embeddable":true,"href":"http:\/\/argentinamunicipal.com.ar\/argentina\/wp-json\/wp\/v2\/media\/48790"}],"wp:attachment":[{"href":"http:\/\/argentinamunicipal.com.ar\/argentina\/wp-json\/wp\/v2\/media?parent=48789"}],"wp:term":[{"taxonomy":"category","embeddable":true,"href":"http:\/\/argentinamunicipal.com.ar\/argentina\/wp-json\/wp\/v2\/categories?post=48789"},{"taxonomy":"post_tag","embeddable":true,"href":"http:\/\/argentinamunicipal.com.ar\/argentina\/wp-json\/wp\/v2\/tags?post=48789"}],"curies":[{"name":"wp","href":"https:\/\/api.w.org\/{rel}","templated":true}]}}