{"id":48798,"date":"2016-05-24T07:16:48","date_gmt":"2016-05-24T10:16:48","guid":{"rendered":"http:\/\/argentinamunicipal.com.ar\/argentina\/?p=48798"},"modified":"2016-05-24T07:16:48","modified_gmt":"2016-05-24T10:16:48","slug":"lado-cresta-roja-aseguran-habia-trabajadores-paro-la-visita-macri","status":"publish","type":"post","link":"http:\/\/argentinamunicipal.com.ar\/argentina\/lado-cresta-roja-aseguran-habia-trabajadores-paro-la-visita-macri\/","title":{"rendered":"El otro lado de Cresta Roja: Aseguran que hab\u00eda trabajadores de paro durante la visita de Macri"},"content":{"rendered":"<p>Se trata de un grupo de empleados que fueron reincorporados a la av\u00edcola y que denuncian atrasos en los pagos y p\u00e9rdida de antig\u00fcedad. \u201cLas personas que fueron ah\u00ed fueron presionadas\u201d, sostienen.<\/p>\n<p>El abogado de un grupo de trabajadores de la av\u00edcola Cresta Roja denunci\u00f3 que muchos empleados estaban de paro durante la visita del presidente Mauricio Macri el jueves pasado, cuando anunci\u00f3 el veto a la ley antidespidos.<\/p>\n<p>Juan Carlos Ceballos, quien representa a trabajadores de las plantas 1 y 2 de la firma, asegur\u00f3 que hay un escenario de \u201cincertidumbre\u201d por las fuentes laborales y que solo fue reincorporado el 30 por ciento del personal. Adem\u00e1s, asegur\u00f3 que \u201chab\u00eda una medida de fuerza de dos horas por turno\u201d mientras Macri visitaba la planta y que \u201cse quedaron en el comedor porque estaban muy descontentos\u201d con la decisi\u00f3n de vetar la ley votada por el Congreso.<\/p>\n<p>\u201cLa empresa reincorpor\u00f3 al 30 por ciento de la planta con contratos por 180 d\u00edas a prueba. Trabajadores con 28 a\u00f1os de antig\u00fcedad perdieron todo, es como si nunca hubieran trabajado en la empresa y son contrataciones sin ning\u00fan tipo de garant\u00eda\u201d, agreg\u00f3 el letrado en declaraciones a radio Cooperativa y asegur\u00f3 quienes asistieron al acto del Presidente \u201cfueron presionados\u201d y eran \u201cparte del personal con jerarqu\u00eda, los trabajadores comunes no estaban\u201d.<\/p>\n<p>Ceballos cont\u00f3 que tras el anuncio del veto, la parte m\u00e1s esperada del discurso de Macri, los trabajadores que se encontraban de paro \u201cintentaron contactarlo para reclamarle, pero la seguridad se lo impidi\u00f3\u201d y cont\u00f3 que en el lugar \u201ctambi\u00e9n hab\u00eda trabajadores judiciales, pero por supuesto tampoco fueron atendidos\u201d.<\/p>\n<h6>Fuente: InfoCielo<\/h6>\n","protected":false},"excerpt":{"rendered":"<p>Se trata de un grupo de empleados que fueron reincorporados a la av\u00edcola y que denuncian atrasos en los pagos y p\u00e9rdida de antig\u00fcedad. \u201cLas personas que fueron ah\u00ed fueron presionadas\u201d, sostienen.<\/p>\n","protected":false},"author":2,"featured_media":48799,"comment_status":"closed","ping_status":"closed","sticky":false,"template":"","format":"standard","meta":{"footnotes":""},"categories":[8],"tags":[21],"class_list":["post-48798","post","type-post","status-publish","format-standard","has-post-thumbnail","hentry","category-informe-nacional","tag-argentina"],"_links":{"self":[{"href":"http:\/\/argentinamunicipal.com.ar\/argentina\/wp-json\/wp\/v2\/posts\/48798","targetHints":{"allow":["GET"]}}],"collection":[{"href":"http:\/\/argentinamunicipal.com.ar\/argentina\/wp-json\/wp\/v2\/posts"}],"about":[{"href":"http:\/\/argentinamunicipal.com.ar\/argentina\/wp-json\/wp\/v2\/types\/post"}],"author":[{"embeddable":true,"href":"http:\/\/argentinamunicipal.com.ar\/argentina\/wp-json\/wp\/v2\/users\/2"}],"replies":[{"embeddable":true,"href":"http:\/\/argentinamunicipal.com.ar\/argentina\/wp-json\/wp\/v2\/comments?post=48798"}],"version-history":[{"count":0,"href":"http:\/\/argentinamunicipal.com.ar\/argentina\/wp-json\/wp\/v2\/posts\/48798\/revisions"}],"wp:featuredmedia":[{"embeddable":true,"href":"http:\/\/argentinamunicipal.com.ar\/argentina\/wp-json\/wp\/v2\/media\/48799"}],"wp:attachment":[{"href":"http:\/\/argentinamunicipal.com.ar\/argentina\/wp-json\/wp\/v2\/media?parent=48798"}],"wp:term":[{"taxonomy":"category","embeddable":true,"href":"http:\/\/argentinamunicipal.com.ar\/argentina\/wp-json\/wp\/v2\/categories?post=48798"},{"taxonomy":"post_tag","embeddable":true,"href":"http:\/\/argentinamunicipal.com.ar\/argentina\/wp-json\/wp\/v2\/tags?post=48798"}],"curies":[{"name":"wp","href":"https:\/\/api.w.org\/{rel}","templated":true}]}}