{"id":48801,"date":"2016-05-24T07:20:21","date_gmt":"2016-05-24T10:20:21","guid":{"rendered":"http:\/\/argentinamunicipal.com.ar\/argentina\/?p=48801"},"modified":"2016-05-24T07:20:21","modified_gmt":"2016-05-24T10:20:21","slug":"brasil-no-hubiera-pasado-nada","status":"publish","type":"post","link":"http:\/\/argentinamunicipal.com.ar\/argentina\/brasil-no-hubiera-pasado-nada\/","title":{"rendered":"Como si en Brasil no hubiera pasado nada"},"content":{"rendered":"<p>En su primera salida al exterior, el canciller de Brasil fue recibido por el presidente Macri, que muestra varias coincidencias ideol\u00f3gicas con la gesti\u00f3n que encabeza Michel Temer. La canciller Malcorra volvi\u00f3 a avalar la legalidad del proceso de destituci\u00f3n de Rousseff.<\/p>\n<p>El canciller interino de Brasil Jos\u00e9 Serra fue recibido con entusiasmo por el presidente Mauricio Macri y su ministra de Relaciones Exteriores, Susana Malcorra. \u201cNo es responsabilidad de la Argentina legitimizar o no la gesti\u00f3n del presidente (Michel) Temer\u201d, asegur\u00f3 Malcorra en alusi\u00f3n a la separaci\u00f3n del cargo de Dilma Rousseff. No obstante, se pudo ver la sinton\u00eda entre el gobierno de Macri y el de Temer en materia de acercamiento a los Estados Unidos y flexibilizaci\u00f3n del comercio.<\/p>\n<p>Serra eligi\u00f3 la Argentina como su primera visita internacional para marcar el car\u00e1cter estrat\u00e9gico que tendr\u00e1 la relaci\u00f3n entre los gobiernos. En su asunci\u00f3n, el flamante canciller de Temer indic\u00f3 que buscar\u00e1 terminar con las \u201ctrabas comerciales con los Estados Unidos\u201d, apostar a la Alianza del Pac\u00edfico y flexibilizar el Mercosur, metas similares a las del Gobierno argentino, que apuntan a firmar \u2013con el tiempo\u2013 un nuevo Alca, ahora conocido como Acuerdo Transpac\u00edfico de Cooperaci\u00f3n Econ\u00f3mica.<\/p>\n<p>Macri recibi\u00f3 en su despacho a Serra junto a Malcorra y al jefe de Gabinete, Marcos Pe\u00f1a. Tuvieron una entrevista poco despu\u00e9s de las 16. Serra estuvo m\u00e1s temprano reunido con Malcorra en el Palacio San Mart\u00edn y con el ministro de Hacienda, Alfonso Prat-Gay. Con este \u00faltimo convers\u00f3 la continuidad del comercio bilateral entre los pa\u00edses.<\/p>\n<p>Un grupo de manifestantes de izquierda lo esper\u00f3 a Serra ante el Palacio San Mart\u00edn. Algunos de ellos eran brasile\u00f1os. Cuando lleg\u00f3, cantaron en portugu\u00e9s: \u201cFuera Temer, fuera Serra\u201d y mostraron carteles que dec\u00edan: \u201cSe busca: golpista\u201d. \u201cHoy tenemos en Brasil un gobierno de facto, ileg\u00edtimo, que no cuenta con el apoyo de la gente, que no tiene el respaldo del voto\u201d, sostuvo Mateo Salvis, un brasile\u00f1o que vive en Buenos Aires. \u201cEst\u00e1 en el gobierno solo para limpiar sus delitos porque son todos corruptos\u201d, asegur\u00f3.<\/p>\n<p>La pregunta sobre el proceso que vive Brasil lleg\u00f3 en la conferencia de prensa de los funcionarios argentinos. \u201cNo es responsabilidad de la Argentina legitimizar o no la gesti\u00f3n del presidente Temer\u201d, respondi\u00f3 Malcorra, pese a las visibles se\u00f1ales de apoyo. A continuaci\u00f3n, defendi\u00f3 la separaci\u00f3n de Rousseff y justific\u00f3 la premura de Argentina en salir a sostener la legalidad del gobierno de Temer, a diferencia de la actitud cuestionadora que mantienen otros pa\u00edses de la regi\u00f3n. \u201cHubo un procedimiento que se ha seguido a rajatabla y no encontramos que en el haya ninguna raz\u00f3n para que el proceso no haya sido legal. Hemos estado mirando muy de cerca\u201d. \u201cNo somos los \u00fanicos que hemos reconocido este proceso, aunque hay algunos pa\u00edses de Latinoam\u00e9rica que hacen una lectura distinta\u201d, indic\u00f3 Malcorra, quien sostuvo que debe \u201csin lugar a dudas, contactarse, relacionarse y trabajar con \u00e9l\u201d.<\/p>\n<p>Malcorra consider\u00f3 que la reuni\u00f3n fue \u201cuna se\u00f1al clara de continuidad institucional y de trabajar con nuestro principal socio, como lo hemos dicho en m\u00faltiples ocasiones: Brasil es el socio de la Argentina y lo que pase en Brasil afecta a lo que pase en la Argentina. Como tal, no tenemos alternativa m\u00e1s que trabajar junto con ellos\u201d.<\/p>\n<p>\u201cHoy tuvimos una primera reuni\u00f3n, que fue muy importante porque fijamos inventario de d\u00f3nde ve\u00edamos que est\u00e1bamos parados y hemos decidido una serie de pasos para seguir trabajando, as\u00ed que es la naturalidad y lo que corresponde a un vecino y socio como Brasil\u201d, destac\u00f3. \u201cSi en alg\u00fan momento del proceso en lo que queda por delante nosotros encontr\u00e1ramos que no se respeta la institucionalidad que corresponde, entonces estar\u00edamos all\u00ed en condiciones de mirar y revisar la cuesti\u00f3n. Por ahora y en este momento, no vemos que esto sea as\u00ed y nos sentimos muy s\u00f3lidos en ese sentido\u201d, descart\u00f3 las cr\u00edticas.<\/p>\n<p>Al mediod\u00eda, Malcorra firm\u00f3 con Serra un Memorandum de Entendimiento para \u201cel establecimiento del Mecanismo bilateral de Coordinaci\u00f3n Pol\u00edtica\u201d. \u201cEl mecanismo tendr\u00e1 como objetivos principales el intercambio de la agenda bilateral, regional y global con miras a coordinar posiciones, as\u00ed como el seguimiento de los proyectos estrat\u00e9gicos de integraci\u00f3n bilateral\u201d, se\u00f1alaron en la Canciller\u00eda. Las \u00e1reas de intercambio ser\u00e1n: ciencia, tecnolog\u00eda e innovaci\u00f3n, defensa, industria aeron\u00e1utica, energ\u00eda y comercio, entre otras.<\/p>\n<h6>Fuente: P\u00e1gina 12<\/h6>\n","protected":false},"excerpt":{"rendered":"<p>En su primera salida al exterior, el canciller de Brasil fue recibido por el presidente Macri, que muestra varias coincidencias ideol\u00f3gicas con la gesti\u00f3n que encabeza Michel Temer. La canciller Malcorra volvi\u00f3 a avalar la legalidad del proceso de destituci\u00f3n de Rousseff.<\/p>\n","protected":false},"author":2,"featured_media":48802,"comment_status":"closed","ping_status":"closed","sticky":false,"template":"","format":"standard","meta":{"footnotes":""},"categories":[8],"tags":[21],"class_list":["post-48801","post","type-post","status-publish","format-standard","has-post-thumbnail","hentry","category-informe-nacional","tag-argentina"],"_links":{"self":[{"href":"http:\/\/argentinamunicipal.com.ar\/argentina\/wp-json\/wp\/v2\/posts\/48801","targetHints":{"allow":["GET"]}}],"collection":[{"href":"http:\/\/argentinamunicipal.com.ar\/argentina\/wp-json\/wp\/v2\/posts"}],"about":[{"href":"http:\/\/argentinamunicipal.com.ar\/argentina\/wp-json\/wp\/v2\/types\/post"}],"author":[{"embeddable":true,"href":"http:\/\/argentinamunicipal.com.ar\/argentina\/wp-json\/wp\/v2\/users\/2"}],"replies":[{"embeddable":true,"href":"http:\/\/argentinamunicipal.com.ar\/argentina\/wp-json\/wp\/v2\/comments?post=48801"}],"version-history":[{"count":0,"href":"http:\/\/argentinamunicipal.com.ar\/argentina\/wp-json\/wp\/v2\/posts\/48801\/revisions"}],"wp:featuredmedia":[{"embeddable":true,"href":"http:\/\/argentinamunicipal.com.ar\/argentina\/wp-json\/wp\/v2\/media\/48802"}],"wp:attachment":[{"href":"http:\/\/argentinamunicipal.com.ar\/argentina\/wp-json\/wp\/v2\/media?parent=48801"}],"wp:term":[{"taxonomy":"category","embeddable":true,"href":"http:\/\/argentinamunicipal.com.ar\/argentina\/wp-json\/wp\/v2\/categories?post=48801"},{"taxonomy":"post_tag","embeddable":true,"href":"http:\/\/argentinamunicipal.com.ar\/argentina\/wp-json\/wp\/v2\/tags?post=48801"}],"curies":[{"name":"wp","href":"https:\/\/api.w.org\/{rel}","templated":true}]}}