{"id":48816,"date":"2016-05-24T07:43:59","date_gmt":"2016-05-24T10:43:59","guid":{"rendered":"http:\/\/argentinamunicipal.com.ar\/argentina\/?p=48816"},"modified":"2016-05-24T07:43:59","modified_gmt":"2016-05-24T10:43:59","slug":"weretilneck-insatisfecho-anuncio-nacion-no-lo-necesitamos","status":"publish","type":"post","link":"http:\/\/argentinamunicipal.com.ar\/argentina\/weretilneck-insatisfecho-anuncio-nacion-no-lo-necesitamos\/","title":{"rendered":"Weretilneck insatisfecho con el anuncio de Naci\u00f3n: \u00abno es lo que necesitamos\u00bb"},"content":{"rendered":"<p>Advirti\u00f3 que, de no rebajarse las tarifas para los comerciantes, peligra la temporada invernal en Bariloche. Eval\u00faan presentar un recurso de amparo en representaci\u00f3n de los 700 mil rionegrinos.<\/p>\n<p>El gobernador de R\u00edo Negro Alberto Weretilneck critic\u00f3 la decisi\u00f3n del Gobierno nacional para fijar un aumento del 400% s\u00f3lo para las tarifas residenciales.<\/p>\n<p>El mandatario provincial presenci\u00f3 este lunes (23\/05) una reuni\u00f3n encabezada por el ministro de Energ\u00eda de la Naci\u00f3n Juan Jos\u00e9 Aranguren y el ministro del Interior Rogelio Frigerio, quienes anunciaron la medida que no alcanzar\u00e1 a las peque\u00f1as y medianas empresas.<\/p>\n<p>Frente a ese anuncio, el gobernador dijo estar \u00abinsatisfecho\u00bb con la medida y anunci\u00f3 que ahora eval\u00faan presentar un recurso de amparo \u00aben nombre de los 700 mil rionegrinos\u00bb con medidores de gas.<\/p>\n<p>El Gobierno provincial hab\u00eda decidido no hacer presentaciones judiciales priorizando el di\u00e1logo, pero tras el encuentro el mandatario cambi\u00f3 su punto de vista. El Gobierno de Chubut y de Santa Cruz presentaron recursos de amparo y la Justicia Federal orden\u00f3 suspender los aumentos, lo que sienta un precedente para toda la Patagonia.<\/p>\n<p>Si bien Weretilneck calific\u00f3 el encuentro como positivo por el di\u00e1logo que se gener\u00f3 entre las partes, dijo al canal Todo Noticias que \u00ablamentablemente las respuestas que nos dio el Gobierno no son las que necesitamos\u00bb.<\/p>\n<p>Insisti\u00f3 en que, de no rebajarse las tarifas para el sector tur\u00edstico, habr\u00e1 hoteles y restaurantes que no podr\u00e1n abrir sus puertas y en consecuencia \u00abhay\u00a0personal que no va a tener trabajo\u00bb.<\/p>\n<h6>Fuente: Bariloche 2000<\/h6>\n","protected":false},"excerpt":{"rendered":"<p>Advirti\u00f3 que, de no rebajarse las tarifas para los comerciantes, peligra la temporada invernal en Bariloche. Eval\u00faan presentar un recurso de amparo en representaci\u00f3n de los 700 mil rionegrinos.<\/p>\n","protected":false},"author":2,"featured_media":48817,"comment_status":"closed","ping_status":"closed","sticky":false,"template":"","format":"standard","meta":{"footnotes":""},"categories":[65],"tags":[11],"class_list":["post-48816","post","type-post","status-publish","format-standard","has-post-thumbnail","hentry","category-provincias","tag-rio-negro"],"_links":{"self":[{"href":"http:\/\/argentinamunicipal.com.ar\/argentina\/wp-json\/wp\/v2\/posts\/48816","targetHints":{"allow":["GET"]}}],"collection":[{"href":"http:\/\/argentinamunicipal.com.ar\/argentina\/wp-json\/wp\/v2\/posts"}],"about":[{"href":"http:\/\/argentinamunicipal.com.ar\/argentina\/wp-json\/wp\/v2\/types\/post"}],"author":[{"embeddable":true,"href":"http:\/\/argentinamunicipal.com.ar\/argentina\/wp-json\/wp\/v2\/users\/2"}],"replies":[{"embeddable":true,"href":"http:\/\/argentinamunicipal.com.ar\/argentina\/wp-json\/wp\/v2\/comments?post=48816"}],"version-history":[{"count":0,"href":"http:\/\/argentinamunicipal.com.ar\/argentina\/wp-json\/wp\/v2\/posts\/48816\/revisions"}],"wp:featuredmedia":[{"embeddable":true,"href":"http:\/\/argentinamunicipal.com.ar\/argentina\/wp-json\/wp\/v2\/media\/48817"}],"wp:attachment":[{"href":"http:\/\/argentinamunicipal.com.ar\/argentina\/wp-json\/wp\/v2\/media?parent=48816"}],"wp:term":[{"taxonomy":"category","embeddable":true,"href":"http:\/\/argentinamunicipal.com.ar\/argentina\/wp-json\/wp\/v2\/categories?post=48816"},{"taxonomy":"post_tag","embeddable":true,"href":"http:\/\/argentinamunicipal.com.ar\/argentina\/wp-json\/wp\/v2\/tags?post=48816"}],"curies":[{"name":"wp","href":"https:\/\/api.w.org\/{rel}","templated":true}]}}