{"id":48859,"date":"2016-05-26T06:51:35","date_gmt":"2016-05-26T09:51:35","guid":{"rendered":"http:\/\/argentinamunicipal.com.ar\/argentina\/?p=48859"},"modified":"2016-05-26T06:51:35","modified_gmt":"2016-05-26T09:51:35","slug":"santa-fe-fallo-descanso-dominical-condiciona-debate-la-ciudad-capital","status":"publish","type":"post","link":"http:\/\/argentinamunicipal.com.ar\/argentina\/santa-fe-fallo-descanso-dominical-condiciona-debate-la-ciudad-capital\/","title":{"rendered":"Santa Fe: Un fallo contra el descanso dominical condiciona el debate en la ciudad capital"},"content":{"rendered":"<p>Desde el oficialismo local aseguran que la decisi\u00f3n judicial impactar\u00e1 en la discusi\u00f3n a\u00fan pendiente en el Concejo.<\/p>\n<p>El fallo contra el descanso dominical de la C\u00e1mara Civil de Reconquista dispar\u00f3 una discusi\u00f3n todav\u00eda pendiente en la ciudad de Santa Fe sobre el descanso dominical. A pesar de las rondas de consultas realizadas por distintos actores de la sociedad, el Concejo Municipal a\u00fan no debati\u00f3 en el recinto si adhiere o rechaza la norma sancionada por la legislatura el 6 de noviembre de 2014. De hecho, no existe en el recinto ning\u00fan proyecto a favor o en contra de la iniciativa.<\/p>\n<p>Desde el Centro de Uni\u00f3n de Empleados de Comercio de Santa Fe se mostraron sorprendidos con el fallo judicial, ya que seg\u00fan entienden, la sentencia no est\u00e1 dictada por un tribunal espec\u00edfico en material laboral. El viernes pasado, la C\u00e1mara de Apelaciones de Reconquista resolvi\u00f3 la inconstitucionalidad de la ley provincial y ordenanzas municipales referidas al descanso dominical a la que se acogieron las ciudades de Reconquista y Avellaneda. El secretario general del Cuec, Edgardo Coria, anticip\u00f3: \u201cVamos a seguir peleando y vamos a seguir luchando\u201d.<\/p>\n<p>En este contexto, el Concejo Deliberante de la ciudad Capital sigue siendo el escenario donde se deber\u00e1 resolver la discusi\u00f3n. La ordenanza de adhesi\u00f3n a la medida provincial deber\u00e1 surgir por un proyecto enviado por el intendente o por la iniciativa de alg\u00fan concejal.<\/p>\n<p>En este sentido, los sectores involucrados reconocen que la decisi\u00f3n judicial impactar\u00e1 en debate. \u201cCreo que s\u00ed, va a impactar. Cada uno sabr\u00e1 si este ser\u00e1 un argumento importante, poco importante o para no tener en cuenta. Pero se sumar\u00e1 a la discusi\u00f3n dentro de las comisiones y dentro del recinto\u201d, se\u00f1al\u00f3 la concejala oficialista Adriana Molina, en declaraciones a la emisora LT 10.<\/p>\n<p>En di\u00e1logo con Diario UNO, el concejal y presidente del bloque justicialista \u201cSanta Fe es una sola\u201d, Ignacio Mart\u00ednez Kerz, admiti\u00f3 que el fallo judicial podr\u00e1 condicionar la discusi\u00f3n. Igualmente, el edil volvi\u00f3 a manifestarse a favor de que los empleados cuenten con el derecho a descansar el d\u00eda domingo. Adem\u00e1s, el legislador record\u00f3 que la ley tuvo un alto consenso. \u201cEs una ley que sali\u00f3 aprobada por ambas c\u00e1maras y que le deleg\u00f3 la facultad a los municipios de adherir o no, y adem\u00e1s no fue vetada por el gobernador. La iniciativa tuvo un aval pol\u00edtico importante. Eso habla de un alto consenso por parte de la clase pol\u00edtica\u201d, resalt\u00f3.<\/p>\n<p>En tanto, la concejala por el Frente Progresista se\u00f1al\u00f3 que el fallo judicial es la primera decisi\u00f3n \u201ca fondo\u201d de la Justicia. \u201cPor supuesto que no es definitivo, pero s\u00ed creo que es una herramienta que tenemos que evaluar\u201d, dijo Adriana Molina, quien volvi\u00f3 a expresar su preocupaci\u00f3n con respecto a la competencia que le cabe al Concejo para legislar en tal sentido. \u201cDesde la sanci\u00f3n de la ley en la legislatura entend\u00edamos que no era la mejor herramienta. Le ve\u00edamos debilidades desde el punto de vista legal. Por diferentes motivos, algunos vinculados a cuestiones de fondo, en relaci\u00f3n a qu\u00e9 se puede legislar desde una ley provincial y qu\u00e9 se puede legislar desde una ordenanza\u201d, apunt\u00f3 Molina.<\/p>\n<p>Actualmente, alrededor de 22 localidades de la provincia de Santa Fe han adherido al descanso dominical, incluida la ciudad de Rosario.<\/p>\n<p>\u201cVamos a analizar el fallo de la Justicia\u201d, dijo al matutino el concejal Gonz\u00e1lez Kerz, quien mencion\u00f3 que no existe todav\u00eda un proyecto presentado, aunque aclar\u00f3 que hubo un tratamiento exhaustivo sobre el tema y reuniones con distintos actores involucrados. \u201cHay que escuchar un poco m\u00e1s a nuestros comerciantes locales\u201d, finaliz\u00f3 el edil justicialista.<\/p>\n<h6>Fuente: Uno Santa Fe<\/h6>\n","protected":false},"excerpt":{"rendered":"<p>Desde el oficialismo local aseguran que la decisi\u00f3n judicial impactar\u00e1 en la discusi\u00f3n a\u00fan pendiente en el Concejo. <\/p>\n","protected":false},"author":2,"featured_media":48860,"comment_status":"closed","ping_status":"closed","sticky":false,"template":"","format":"standard","meta":{"footnotes":""},"categories":[2],"tags":[10],"class_list":["post-48859","post","type-post","status-publish","format-standard","has-post-thumbnail","hentry","category-informe-municipal","tag-santa-fe"],"_links":{"self":[{"href":"http:\/\/argentinamunicipal.com.ar\/argentina\/wp-json\/wp\/v2\/posts\/48859","targetHints":{"allow":["GET"]}}],"collection":[{"href":"http:\/\/argentinamunicipal.com.ar\/argentina\/wp-json\/wp\/v2\/posts"}],"about":[{"href":"http:\/\/argentinamunicipal.com.ar\/argentina\/wp-json\/wp\/v2\/types\/post"}],"author":[{"embeddable":true,"href":"http:\/\/argentinamunicipal.com.ar\/argentina\/wp-json\/wp\/v2\/users\/2"}],"replies":[{"embeddable":true,"href":"http:\/\/argentinamunicipal.com.ar\/argentina\/wp-json\/wp\/v2\/comments?post=48859"}],"version-history":[{"count":0,"href":"http:\/\/argentinamunicipal.com.ar\/argentina\/wp-json\/wp\/v2\/posts\/48859\/revisions"}],"wp:featuredmedia":[{"embeddable":true,"href":"http:\/\/argentinamunicipal.com.ar\/argentina\/wp-json\/wp\/v2\/media\/48860"}],"wp:attachment":[{"href":"http:\/\/argentinamunicipal.com.ar\/argentina\/wp-json\/wp\/v2\/media?parent=48859"}],"wp:term":[{"taxonomy":"category","embeddable":true,"href":"http:\/\/argentinamunicipal.com.ar\/argentina\/wp-json\/wp\/v2\/categories?post=48859"},{"taxonomy":"post_tag","embeddable":true,"href":"http:\/\/argentinamunicipal.com.ar\/argentina\/wp-json\/wp\/v2\/tags?post=48859"}],"curies":[{"name":"wp","href":"https:\/\/api.w.org\/{rel}","templated":true}]}}