{"id":48877,"date":"2016-05-26T06:20:36","date_gmt":"2016-05-26T09:20:36","guid":{"rendered":"http:\/\/argentinamunicipal.com.ar\/argentina\/?p=48877"},"modified":"2016-05-26T07:24:35","modified_gmt":"2016-05-26T10:24:35","slug":"48877-2","status":"publish","type":"post","link":"http:\/\/argentinamunicipal.com.ar\/argentina\/48877-2\/","title":{"rendered":"Vallas en la Plaza y gente como uno en Olivos"},"content":{"rendered":"<p>El Presidente asisti\u00f3 al Ted\u00e9um con su gabinete protegido por vallas y una multitud de polic\u00edas. Por la ma\u00f1ana dijo: \u201cEstoy muy contento por c\u00f3mo marchan las cosas\u201d. Igual tuvo que escucharr que el arzobispo Poli le remarque la agudizaci\u00f3n de la pobreza.<\/p>\n<p>No hubo espect\u00e1culos populares, ni fuegos artificiales, ni invitaciones a festivales masivos. Fue un 25 de mayo con la Plaza de Mayo vallada, con personas golpeando las rejas y reclamando poder ingresar. El presidente Mauricio Macri cruz\u00f3 ese territorio bien vigilado desde la Casa Rosada hasta la Catedral y asisti\u00f3 al tradicional Tedeum, en el que el cardenal Mario Poli pidi\u00f3 \u201ccompartir la sabidur\u00eda del di\u00e1logo, donde las ideas superen las ideolog\u00edas y donde nadie se levante hasta encontrar acuerdos razonables y duraderos de los que dependen tantas vidas, proyectos y sue\u00f1os\u201d. El Gobierno se apurar\u00eda luego a afirmar que estaban de acuerdo en todo lo que dijo. En declaraciones al comienzo de la jornada, el presidente Macri advirti\u00f3: \u201cNos dejaron una bomba al borde de estallar y la tenemos que desarmar con mucho cuidado\u201d.<\/p>\n<p>Pulcra, ordenada, casi sin personas. As\u00ed luc\u00eda por la ma\u00f1ana la Plaza de Mayo, cuando el presidente y sus funcionarios cruzaron hacia la Catedral metropolitana acompa\u00f1ados por la tradicional fanfarria militar.<\/p>\n<p>Un peque\u00f1o grupo de alumnos hab\u00eda acompa\u00f1ado m\u00e1s temprano al jefe de Gobierno, Horacio Rodr\u00edguez Larreta, a izar la bandera. Larreta se ocup\u00f3 de justificar el vallado que imped\u00eda el acceso a la Plaza de Mayo.<\/p>\n<p>\u201cSe decidi\u00f3 vallar por seguridad. Ac\u00e1 hay un mecanismo de seguridad que se coordin\u00f3 con el Gobierno de la Ciudad y con Naci\u00f3n. Ac\u00e1 no s\u00e9 si hubo amenazas, siempre hay que estar precavidos\u201d, asegur\u00f3.<\/p>\n<p>La decisi\u00f3n va en contra de los proyectos que comentaban los macristas al comienzo de su Gobierno, hace apenas seis meses, cuando so\u00f1aban con levantar las vallas y mostrar una Casa Rosada con una mayor cercan\u00eda al pueblo. En los discursos de esa \u00e9poca, se dedicaron a describir a Macri como un presidente que, a diferencia de su antecesora, se mostraba cerca del pueblo.<\/p>\n<p>Larreta consider\u00f3 que el aniversario de la Revoluci\u00f3n de Mayo se daba en \u201cuna Argentina distinta, una Argentina mucho m\u00e1s abierta al di\u00e1logo, en la que todos pueden expresar sus diferencias\u201d. Un grupo de personas del otro lado de la valla se dedicaron a hacer eso. En un acampe a metros de distancia estaban los cooperativistas que dependen del Gobierno porte\u00f1o, el Frente Popular Dar\u00edo Santill\u00e1n y el Polo Obrero, entre otros. Reclamaban un aumento para las cooperativas. Larreta sostuvo que eran \u201cuna minor\u00eda, menos del 10 por ciento de las cooperativas\u201d.<\/p>\n<p>M\u00e1s tarde, otro grupo de personas reclamaron ingresar a la plaza golpeando las vallas. \u201cAbr\u00ed la plaza la puta que te pari\u00f3\u201d, era uno de los cantitos preferidos. Varias mesas con comida se hab\u00edan desplegado junto a la Pir\u00e1mide de Mayo. A los funcionarios que hab\u00edan sorteado el vallado y a los polic\u00edas que custodiaban, se les ofreci\u00f3 churros y chocolate caliente, al igual que a los alumnos que hab\u00edan asistido. Desde adentro, un grupo de j\u00f3venes PRO culparon a los cooperativistas:<\/p>\n<p>\u201cPor unos inadaptados, una multitud se vio privada de asistir a los festejos\u201d, se\u00f1alaron.<\/p>\n<p>A sana distancia de los que protestaban, Macri hab\u00eda hecho algunas declaraciones por Radio Nacional antes de asistir al Tedeum. \u201cLa rueda se empez\u00f3 a mover, el mundo nos ha abierto la mano, conf\u00eda en nosotros\u201d, sostuvo, sobre el rumbo de la econom\u00eda. \u201cEstoy muy contento por c\u00f3mo marchan las cosas\u201d, asegur\u00f3. Antes de recibir una visi\u00f3n muy diferente por parte de la Iglesia, Macri se ataj\u00f3: \u201cS\u00e9 que han sido meses dif\u00edciles para muchos, comparto el dolor y las angustias. El sinceramiento de la econom\u00eda ha sido muy duro, pero el segundo semestre va a ser mejor, la inflaci\u00f3n va a bajar dr\u00e1sticamente\u201d<\/p>\n<p><strong>Locro para pocos<\/strong><br \/>\nEl presidente escuch\u00f3 el Tedeum, a cargo del arzobispo Poli, quien no le ahorr\u00f3 ning\u00fan repaso de la realidad, como el 35 por ciento de pobreza que se\u00f1al\u00f3 la UCA. \u201cQue no nos paralicen las estad\u00edsticas, no perdamos la sensibilidad de escuchar y redoblar esfuerzos y servicios ante el dolor de los m\u00e1s pobres, de las familias que sufren la humillaci\u00f3n por carecer de lo esencial\u201d, pidi\u00f3 Poli. Macri lo escuchaba junto a la primera dama Juliana Awada y el presidente de la Corte Suprema, Ricardo Lorenzetti.<\/p>\n<p>Apenas concluy\u00f3 la homil\u00eda, el jefe de Gabinete se apur\u00f3 a aclarar que el Gobierno estaba \u201ccien por ciento de acuerdo\u201d con lo expresado por la Iglesia. Como si el mensaje hubiera sido dirigido a otro, Pe\u00f1a se limit\u00f3 a desear que \u201chaya m\u00e1s trabajo, mejores escuelas y hospitales sobre todo m\u00e1s unidos en torno a un sue\u00f1o com\u00fan\u201d. Pe\u00f1a indic\u00f3 que la celebraci\u00f3n puertas adentro de Olivos \u201ces mejor que lo que hemos vivido en los \u00faltimos a\u00f1os\u201d.<\/p>\n<p>Al salir de la Catedral, Macri se acerc\u00f3 a un grupo de personas a las que se le hab\u00eda permitido cruzar las vallas y los salud\u00f3. Incluso se prob\u00f3 el gorro negro de uno de ellos. Luego parti\u00f3 hacia la Quinta de Olivos, donde hab\u00eda un locro para 400 invitados especialmente seleccionados. Tambi\u00e9n hubo empanadas criollas y como postre, pastelitos de dulce de membrillo y de batata. El acto iba a ser originalmente en la Plaza Col\u00f3n, detr\u00e1s de la Casa Rosada, pero fue cambiado a \u00faltimo momento. En el Gobierno negaron que el traspaso tuviera que ver con las protestas.<\/p>\n<p>Las invitaciones a Olivos inclu\u00edan a una selecci\u00f3n de vecinos de la Quinta de Olivos a los que les tocaron el timbre en los \u00faltimos d\u00edas para sumarlos a la invitaci\u00f3n. Fueron los \u00fanicos que pudieron registrar con sus celulares lo que ocurri\u00f3 all\u00ed, dado que no se permiti\u00f3 la entrada de periodistas. Las \u00fanicas transmisiones oficiales fueron cuidadosamente controladas desde el Facebook de Casa Rosada.<\/p>\n<p>Al convite en la Plaza de Armas de Olivos, donde se usaron fardos de alfalfa para que las personas se sentaran, tambi\u00e9n fueron invitados diversos dirigentes sociales cercanos al macrismo. La dirigente del barrio Los Piletones Margarita Barrientos, finalmente, no asisti\u00f3. Se qued\u00f3 en su comedor, donde por la tarde se fotografi\u00f3 con la vicepresidenta Gabriela Michetti. Otros de los invitados fueron: Asociaci\u00f3n Civil Ni\u00f1o Jes\u00fas, Grupo Comunitario Blanca Nieves, Ositos Cari\u00f1osos, Fundaci\u00f3n Manos Abiertas, Comedor Comunitario Pamperito, A\u00f1os Felices, Fundaci\u00f3n Convivir y el Centro Comunitario Copitos. Tambi\u00e9n asistieron cursos de escuelas de Hurlingham y de Vicente L\u00f3pez. Todos comieron al son de un conjunto folkl\u00f3rico.<\/p>\n<p>Antes de servir el primer cuchar\u00f3n de locro, que fue llevado a la mesa en un zapallo ahuecado, Macri dio all\u00ed un breve discurso en el que los invit\u00f3 a \u201cseguir trabajando juntos de cara al futuro y a cerrar la brecha entre lo que somos y podemos ser\u201d. Finaliz\u00f3 con un sonoro \u201c\u00a1Viva la patria!\u201d.<\/p>\n<h6>Fuente: P\u00e1gina 12<\/h6>\n","protected":false},"excerpt":{"rendered":"<p>El Presidente asisti\u00f3 al Ted\u00e9um con su gabinete protegido por vallas y una multitud de polic\u00edas. Por la ma\u00f1ana dijo: \u201cEstoy muy contento por c\u00f3mo marchan las cosas\u201d. <\/p>\n","protected":false},"author":2,"featured_media":48878,"comment_status":"closed","ping_status":"closed","sticky":false,"template":"","format":"standard","meta":{"footnotes":""},"categories":[8],"tags":[21],"class_list":["post-48877","post","type-post","status-publish","format-standard","has-post-thumbnail","hentry","category-informe-nacional","tag-argentina"],"_links":{"self":[{"href":"http:\/\/argentinamunicipal.com.ar\/argentina\/wp-json\/wp\/v2\/posts\/48877","targetHints":{"allow":["GET"]}}],"collection":[{"href":"http:\/\/argentinamunicipal.com.ar\/argentina\/wp-json\/wp\/v2\/posts"}],"about":[{"href":"http:\/\/argentinamunicipal.com.ar\/argentina\/wp-json\/wp\/v2\/types\/post"}],"author":[{"embeddable":true,"href":"http:\/\/argentinamunicipal.com.ar\/argentina\/wp-json\/wp\/v2\/users\/2"}],"replies":[{"embeddable":true,"href":"http:\/\/argentinamunicipal.com.ar\/argentina\/wp-json\/wp\/v2\/comments?post=48877"}],"version-history":[{"count":0,"href":"http:\/\/argentinamunicipal.com.ar\/argentina\/wp-json\/wp\/v2\/posts\/48877\/revisions"}],"wp:featuredmedia":[{"embeddable":true,"href":"http:\/\/argentinamunicipal.com.ar\/argentina\/wp-json\/wp\/v2\/media\/48878"}],"wp:attachment":[{"href":"http:\/\/argentinamunicipal.com.ar\/argentina\/wp-json\/wp\/v2\/media?parent=48877"}],"wp:term":[{"taxonomy":"category","embeddable":true,"href":"http:\/\/argentinamunicipal.com.ar\/argentina\/wp-json\/wp\/v2\/categories?post=48877"},{"taxonomy":"post_tag","embeddable":true,"href":"http:\/\/argentinamunicipal.com.ar\/argentina\/wp-json\/wp\/v2\/tags?post=48877"}],"curies":[{"name":"wp","href":"https:\/\/api.w.org\/{rel}","templated":true}]}}