{"id":48886,"date":"2016-05-26T07:42:29","date_gmt":"2016-05-26T10:42:29","guid":{"rendered":"http:\/\/argentinamunicipal.com.ar\/argentina\/?p=48886"},"modified":"2016-05-26T07:42:29","modified_gmt":"2016-05-26T10:42:29","slug":"inauguran-la-primer-unidad-empleo-del-pais-sierra-colorada","status":"publish","type":"post","link":"http:\/\/argentinamunicipal.com.ar\/argentina\/inauguran-la-primer-unidad-empleo-del-pais-sierra-colorada\/","title":{"rendered":"Inauguran la primer Unidad de Empleo del pa\u00eds en Sierra Colorada"},"content":{"rendered":"<p>Se inaugur\u00f3 la Unidad de Empleo en Sierra Colorada. La oficina es la primera que el gobierno nacional pone en funciones en todo el pa\u00eds. Su objetivo es asegurar la llegada de los planes nacionales para el fomento del empleo y el emprendedorismo.<\/p>\n<p>\u201cEsta inauguraci\u00f3n es posible gracias al esfuerzo de todas las partes, que se comprometieron a trabajar juntas para llevarle respuesta a la gente\u201d, dijo el diputado nacional Sergio Wisky, quien no pudo participar de la inauguraci\u00f3n por haber sido especialmente invitado por el presidente Mauricio Macri a las actividades oficiales del 25 de Mayo.<\/p>\n<p>Por su parte, el coordinador pol\u00edtico del Ministerio del Interior para R\u00edo Negro, Juan Mart\u00edn, fue el encargado de acompa\u00f1ar al intendente Fabi\u00e1n Pilquinao durante la inauguraci\u00f3n de esta oficina y asegur\u00f3 que \u201cla gesti\u00f3n del Presidente Macri demuestra su sensibilidad en los hechos, llevando sus pol\u00edticas al interior profundo\u201d.<\/p>\n<p>\u201cEn diciembre dijimos que se inauguraba una nueva etapa de di\u00e1logo y de cooperaci\u00f3n con todos, m\u00e1s all\u00e1 de las diferencias de opini\u00f3n. El intendente de Sierra Colorada entendi\u00f3 muy bien que trabajar juntos no significa pensar lo mismo, sino empujar para el lado de la gente, y hoy podemos estar inaugurando esta oficina y llev\u00e1ndole respuestas a la comunidad\u201d, dijo el funcionario encargado de articular las relaciones entre Naci\u00f3n, la Provincia y los municipios, a la vez que augur\u00f3 \u201cpoder seguir haciendo obras en todo R\u00edo Negro\u201d.<\/p>\n<p>En tanto, el delegado de la Secretar\u00eda de Empleo de la Naci\u00f3n, Ignacio Somorrostro, detall\u00f3 que esta Unidad de Empleo funciona en un edificio provisto por la Municipalidad, con personal cuyos sueldos y capacitaci\u00f3n corren a cargo del Ministerio de Trabajo de la Naci\u00f3n. \u201cEn esta oficina se brinda todo el asesoramiento necesario para que la gente pueda acogerse a los diversos planes de empleo de Naci\u00f3n, o desarrollar su emprendimiento personal. Esto incluye subsidios, aportes y formaci\u00f3n para el trabajo\u201d, puntualiz\u00f3.<\/p>\n<p>Asimismo, el representante de la cartera laboral nacional detall\u00f3 que \u201cen mi jurisdicci\u00f3n, que comprende 25 municipios de R\u00edo Negro, hab\u00eda 11 oficinas como esta dadas de alta, pero solamente tres funcionaban efectivamente\u201d. \u201cNuestra aspiraci\u00f3n es no s\u00f3lo poner en marcha las que fueron creadas meramente en los papeles, sino tambi\u00e9n llevar esta pol\u00edtica a cada una de las localidades, trabajando junto con todos los intendentes, con el coordinador de pol\u00edticas para R\u00edo Negro, Juan Mart\u00edn, y con nuestro representante en el Congreso, Sergio Wisky, como venimos haci\u00e9ndolo hasta ahora\u201d, indic\u00f3.<\/p>\n<h6>Fuente: ADN<\/h6>\n","protected":false},"excerpt":{"rendered":"<p>La oficina es la primera que el gobierno nacional pone en funciones en todo el pa\u00eds. Su objetivo es asegurar la llegada de los planes nacionales para el fomento del empleo y el emprendedorismo.<\/p>\n","protected":false},"author":2,"featured_media":48887,"comment_status":"closed","ping_status":"closed","sticky":false,"template":"","format":"standard","meta":{"footnotes":""},"categories":[2],"tags":[11],"class_list":["post-48886","post","type-post","status-publish","format-standard","has-post-thumbnail","hentry","category-informe-municipal","tag-rio-negro"],"_links":{"self":[{"href":"http:\/\/argentinamunicipal.com.ar\/argentina\/wp-json\/wp\/v2\/posts\/48886","targetHints":{"allow":["GET"]}}],"collection":[{"href":"http:\/\/argentinamunicipal.com.ar\/argentina\/wp-json\/wp\/v2\/posts"}],"about":[{"href":"http:\/\/argentinamunicipal.com.ar\/argentina\/wp-json\/wp\/v2\/types\/post"}],"author":[{"embeddable":true,"href":"http:\/\/argentinamunicipal.com.ar\/argentina\/wp-json\/wp\/v2\/users\/2"}],"replies":[{"embeddable":true,"href":"http:\/\/argentinamunicipal.com.ar\/argentina\/wp-json\/wp\/v2\/comments?post=48886"}],"version-history":[{"count":0,"href":"http:\/\/argentinamunicipal.com.ar\/argentina\/wp-json\/wp\/v2\/posts\/48886\/revisions"}],"wp:featuredmedia":[{"embeddable":true,"href":"http:\/\/argentinamunicipal.com.ar\/argentina\/wp-json\/wp\/v2\/media\/48887"}],"wp:attachment":[{"href":"http:\/\/argentinamunicipal.com.ar\/argentina\/wp-json\/wp\/v2\/media?parent=48886"}],"wp:term":[{"taxonomy":"category","embeddable":true,"href":"http:\/\/argentinamunicipal.com.ar\/argentina\/wp-json\/wp\/v2\/categories?post=48886"},{"taxonomy":"post_tag","embeddable":true,"href":"http:\/\/argentinamunicipal.com.ar\/argentina\/wp-json\/wp\/v2\/tags?post=48886"}],"curies":[{"name":"wp","href":"https:\/\/api.w.org\/{rel}","templated":true}]}}