{"id":48904,"date":"2016-05-26T08:31:07","date_gmt":"2016-05-26T11:31:07","guid":{"rendered":"http:\/\/argentinamunicipal.com.ar\/argentina\/?p=48904"},"modified":"2016-05-26T08:42:57","modified_gmt":"2016-05-26T11:42:57","slug":"reclamo-tras-las-vallas","status":"publish","type":"post","link":"http:\/\/argentinamunicipal.com.ar\/argentina\/reclamo-tras-las-vallas\/","title":{"rendered":"Ciudad de Buenos Aires: Con el reclamo tras las vallas"},"content":{"rendered":"<p>Son integrantes de varias cooperativas que desde hace semanas vienen reclamando al gobierno porte\u00f1o por un aumento de salario y la apertura de nuevos puestos. Por miedo a su protesta, el Gobierno suspendi\u00f3 un acto en la Rosada y vall\u00f3 la plaza.<\/p>\n<p>\u201cPorque con el tarifazo y el ajuste no nos alcanza ni para parar la olla\u201d, fue la consigna que gritaron con m\u00e1s insistencia los cooperativistas que acamparon desde la noche del martes sobre Diagonal Norte, a pocos pasos de la Catedral Metropolitana, donde el Presidente celebr\u00f3 ayer al mediod\u00eda el tradicional Ted\u00e9um, antes de partir rumbo a Olivos. Las vallas montadas por la Polic\u00eda Federal y los cordones de Gendarmer\u00eda actuaron como un muro de contenci\u00f3n que los separaba del paisaje desierto de la Plaza de Mayo, adonde la comitiva oficial celebr\u00f3, custodiada, la fecha patria. El calor humano de la protesta, envuelta en banderas, frazadas y fogones para capear el fr\u00edo, contrastaba con la soledad de funcionarios y obispos, cercados por la polic\u00eda y apenas acompa\u00f1ados por los granaderos a caballo, a esta altura el p\u00fablico m\u00e1s fiel de Macri en cada acto. \u201cAl Presidente le dir\u00eda que se acuerde de nosotros, los trabajadores. Que no solamente se tiene que sentar a dialogar con los empresarios\u201d, solt\u00f3 Dina, referente de la cooperativa Dar\u00edo Santill\u00e1n, donde trabajan otras 250 personas como ella por un salario mensual de 4500 pesos que paga el gobierno porte\u00f1o.<\/p>\n<p>\u201cImaginate\u2026. con 4500 pesos, \u00bfalguien puede creer que una puede pagar los aumentos, mandar a los chicos a la escuela y cumplir con el alquiler?\u201d se indignaba Erica, del Polo Obrero, en la noche del martes mientras se calentaba las manos en una fogata hecha de cartones y pedazos sueltos de madera. En su relato cab\u00edan los de centenares de los acampantes de ayer: \u201cYo soy madre soltera, y el resto de mis compa\u00f1eras son jefas de familia. Si pudi\u00e9ramos, tomar\u00edamos otro trabajo, a pesar de que eso implicar\u00eda descuidar a los chicos, pero la realidad es que tampoco hay\u201d, cont\u00f3.<\/p>\n<p>La mayor\u00eda de ellos viven en las villas y los barrios del sur de capital. La Boca, Lugano, la 1-11-14, la 21-24, la 31, Los Piletones y Soldati. El trabajo en cooperativas \u2013mayormente de limpieza del espacio p\u00fablico, que dependen del programa \u201cVeredas Verdes\u201d\u2013 es el principal sustento familiar. El acampe de ayer es la tercera medida de fuerza que adoptan en poco menos de un mes, en un conflicto que viene en escalada desde que las organizaciones tomaran el hall del nuevo edificio de la Jefatura de Gobierno, en Parque Patricios. El reclamo es por un aumento salarial del 40 por ciento y la apertura de nuevos puestos de trabajo.<\/p>\n<p>\u201cSomos los que vivimos en las villas que no est\u00e1n urbanizadas, las madres y los padres de los chicos de las escuelas de zona sur que se quedan sin vacante, de los chicos que no se pueden atender en los hospitales p\u00fablicos por falta de presupuesto. Somos los y las que sufrimos el recorte de alimentos del gobierno de la Ciudad, su pol\u00edtica de pobreza, su ocultamiento del dengue\u201d, se definieron a s\u00ed mismos los maifestantes en los volantes que repartieron ayer.<\/p>\n<p>El acampe en v\u00edsperas del 25 de mayo era en principio una carta que jugaban los cooperativistas en la negociaci\u00f3n con el Ejecutivo porte\u00f1o. En la tarde del martes, cuando se preparaban para marchar desde el Obelisco a Plaza de Mayo, el jefe de Gabinete del Ministerio de Desarrollo Social de la ciudad, Juan Ignacio Maquieyra, dio por terminada la mesa de di\u00e1logo con un llamado telef\u00f3nico. \u201cAs\u00ed, con estas medidas de fuerza, no hay m\u00e1s negociaci\u00f3n\u201d, comunic\u00f3 a las organizaciones. Fue entonces que se desplegaron las carpas. S\u00f3lo que las vallas, montadas sobre todo el per\u00edmetro de la Plaza, los oblig\u00f3 a hacerlo sobre Carlos Pellegrini.<\/p>\n<p>Desde entonces, el Gobierno opt\u00f3 por criminalizarlos. La ministra de Seguridad, Patricia Bullrich, difundi\u00f3 una informaci\u00f3n falsa que vinculaba a los manifestantes con un grupo de \u201cquemacoches\u201d que fueron detenidos en el barrio de Belgrano con seis bombas molotov, que fue desmentida por un comunicado de la Federal (ver p\u00e1gina 2). El jefe de Gobierno, Horacio Rodr\u00edguez Larreta, aport\u00f3 enseguida que \u201cno s\u00e9 si hubo amenazas\u201d (sic). No fue la primera vez que sucesor de Macri en la ciudad apunta contra los cooperativistas. Los hab\u00eda acusado de \u201cviolentos\u201d tras la toma de la sede de su gobierno. Desde el acampe, la noticia fue recibida con sorna. \u201cChe, \u00bftrajiste las bombas? No, estaban en camino, pero fueron interceptadas\u201d, fue el chiste de la ma\u00f1ana entre los militantes.<\/p>\n<p>Los manifestantes de ayer representan una porci\u00f3n no menor dentro del universo de las cooperativas. Aun as\u00ed, seg\u00fan las organizaciones el aumento que reclaman le costar\u00eda al gobierno alrededor de dos millones de pesos por mes. \u201cEs incre\u00edble, pero el verso del segundo semestre como salvaci\u00f3n tambi\u00e9n lo escuchamos durante las negociaciones\u201d, relat\u00f3 Leandro, vocero de la Federaci\u00f3n de Organizaciones de Base (FOB), que estuvo presente en los tres encuentros con autoridades del gobierno previos al acampe. \u201cArgumentan que la inflaci\u00f3n va a bajar y que por eso tenemos que bajar tambi\u00e9n nosotros las pretensiones\u201d, cont\u00f3.<\/p>\n<p>La situaci\u00f3n econ\u00f3mica es otra de las preocupaciones entre las organizaciones. \u201cHasta fines del a\u00f1o pasado, ten\u00edamos entre 30 y 40 chicos en el merendero \u2013describi\u00f3 Agust\u00edn, de Los Invisibles, que tiene su base en la 31\u2013. Ahora vienen de a 60 todos los d\u00edas\u201d. \u201cNo fue tanto el aumento de chicos en los merenderos\u201d, contrast\u00f3 Leandro, de la FOB, \u201csino que cada d\u00eda tenemos m\u00e1s reclamos de compa\u00f1eros que necesitan laburar y consultan c\u00f3mo tienen que inscribirse en la cooperativa. Eso hace que la organizaci\u00f3n haya crecido muy r\u00e1pido\u201d. \u201cMi problema ahora es como voy a pagar el alquiler\u201d, apunt\u00f3 Lidia, que est\u00e1 anotada en la lista de espera que las organizaciones le entregaron al gobierno como reclamo.<\/p>\n<p>\u201cEn febrero explot\u00f3 el colch\u00f3n\u201d, aport\u00f3 Dina, del Santill\u00e1n. \u201cTodos los d\u00edas llega gente nueva a preguntar por trabajo\u201d, dijo, y denunci\u00f3 que el gobierno porte\u00f1o hizo su propio ajuste: \u201cnos recortaron el cuarenta por ciento de la mercader\u00eda para los bolsones y encima empeor\u00f3 dr\u00e1sticamente la calidad de la comida\u201d.<\/p>\n<p>Los militantes golpearon las vallas durante toda la ma\u00f1ana del 25, al comp\u00e1s de los bombos, intentando perforar el cerco aunque sea con el ruido. \u201cCooperativas\/ trabajo ya\/ si no hay aumento que quilombo se va armar\u201d, cantaron. La ceremonia en la Catedral se mont\u00f3 mirando hacia la Casa Rosada, d\u00e1ndoles la espalda. \u201cQue se joda por no venir, se perdi\u00f3 nuestra chocolatada\u201d, bromearon algunos.<\/p>\n<h6>Fuente: P\u00e1gina 12<\/h6>\n","protected":false},"excerpt":{"rendered":"<p>Son integrantes de varias cooperativas que desde hace semanas vienen reclamando al gobierno porte\u00f1o por un aumento de salario y la apertura de nuevos puestos. <\/p>\n","protected":false},"author":2,"featured_media":48905,"comment_status":"closed","ping_status":"closed","sticky":false,"template":"","format":"standard","meta":{"footnotes":""},"categories":[4],"tags":[12],"class_list":["post-48904","post","type-post","status-publish","format-standard","has-post-thumbnail","hentry","category-informe-politico","tag-buenos-aires"],"_links":{"self":[{"href":"http:\/\/argentinamunicipal.com.ar\/argentina\/wp-json\/wp\/v2\/posts\/48904","targetHints":{"allow":["GET"]}}],"collection":[{"href":"http:\/\/argentinamunicipal.com.ar\/argentina\/wp-json\/wp\/v2\/posts"}],"about":[{"href":"http:\/\/argentinamunicipal.com.ar\/argentina\/wp-json\/wp\/v2\/types\/post"}],"author":[{"embeddable":true,"href":"http:\/\/argentinamunicipal.com.ar\/argentina\/wp-json\/wp\/v2\/users\/2"}],"replies":[{"embeddable":true,"href":"http:\/\/argentinamunicipal.com.ar\/argentina\/wp-json\/wp\/v2\/comments?post=48904"}],"version-history":[{"count":0,"href":"http:\/\/argentinamunicipal.com.ar\/argentina\/wp-json\/wp\/v2\/posts\/48904\/revisions"}],"wp:featuredmedia":[{"embeddable":true,"href":"http:\/\/argentinamunicipal.com.ar\/argentina\/wp-json\/wp\/v2\/media\/48905"}],"wp:attachment":[{"href":"http:\/\/argentinamunicipal.com.ar\/argentina\/wp-json\/wp\/v2\/media?parent=48904"}],"wp:term":[{"taxonomy":"category","embeddable":true,"href":"http:\/\/argentinamunicipal.com.ar\/argentina\/wp-json\/wp\/v2\/categories?post=48904"},{"taxonomy":"post_tag","embeddable":true,"href":"http:\/\/argentinamunicipal.com.ar\/argentina\/wp-json\/wp\/v2\/tags?post=48904"}],"curies":[{"name":"wp","href":"https:\/\/api.w.org\/{rel}","templated":true}]}}