{"id":48931,"date":"2016-05-27T07:16:05","date_gmt":"2016-05-27T10:16:05","guid":{"rendered":"http:\/\/argentinamunicipal.com.ar\/argentina\/?p=48931"},"modified":"2016-05-27T07:16:05","modified_gmt":"2016-05-27T10:16:05","slug":"recesion-contraccion-pesimismo","status":"publish","type":"post","link":"http:\/\/argentinamunicipal.com.ar\/argentina\/recesion-contraccion-pesimismo\/","title":{"rendered":"Recesi\u00f3n: Contracci\u00f3n y pesimismo"},"content":{"rendered":"<p>Por tercer mes consecutivo, en abril se acentu\u00f3 la recesi\u00f3n. Lo se\u00f1al\u00f3 el estudio Ferreres, que aporta sus estimaciones mientras el Indec sigue con el apag\u00f3n estad\u00edstico. La confianza del consumidor, seg\u00fan la Di Tella, se derrumb\u00f3 22 por ciento.<\/p>\n<p>La situaci\u00f3n econ\u00f3mica actual es mala y las perspectivas son peores. La medici\u00f3n de actividad econ\u00f3mica que realiza el estudio de Orlando Ferreres evidenci\u00f3 el mes pasado una contracci\u00f3n interanual del 4,9 por ciento, que represent\u00f3 la mayor ca\u00edda del Producto Interno Bruto desde agosto de 2014. El Indice General de Actividad que elabora la consultora arroj\u00f3 una ca\u00edda mensual desestacionalizada respecto a marzo de 1,6 por ciento, con lo que enlaza tres meses consecutivos en baja. Por su parte, el Centro de Investigaci\u00f3n en Finanzas de la Universidad Di Tella public\u00f3 ayer una ca\u00edda de 1,2 por ciento en la confianza del consumidor para este mes respeto a abril, mientras que esa medici\u00f3n negativa se ampl\u00eda a 22,4 por ciento contra mayo del a\u00f1o pasado. El sesgo a favor de las clases altas de la pol\u00edtica de Mauricio Macri tambi\u00e9n se refleja en las expectativas recogidas por la Di Tella. La confianza de los consumidores cae 4,7 por ciento en la comparaci\u00f3n contra abril \u00faltimo para el sector de encuestados con menores ingresos y sube 0,3 por ciento para el segmento con mayores ingresos.<\/p>\n<p>Pese a que el gobierno busca instalar que a partir del segundo semestre habr\u00e1 una recuperaci\u00f3n de la actividad econ\u00f3mica, el comportamiento de los principales indicadores demuestra que a menos de dos meses de ese punto bisagra se est\u00e1 muy lejos de una mejora.<\/p>\n<p>De acuerdo con las estimaciones del estudio Ferreres, la ca\u00edda del PIB tanto a nivel mensual como interanual \u201cse explica por la profundizaci\u00f3n de la contracci\u00f3n en algunos sectores que ven\u00edan mostrando un pobre desempe\u00f1o desde comienzos de a\u00f1o\u201d. \u201cLos menores niveles de producci\u00f3n agr\u00edcola se vieron exacerbados por una cosecha gruesa menor a la esperada, sobre lo que hay que adicionar una acentuaci\u00f3n de la ca\u00edda en la construcci\u00f3n, principalmente por una baja temporal en la obra p\u00fablica\u201d, se\u00f1ala el informe. El documento destaca que se registr\u00f3 una fuerte baja del consumo que impact\u00f3 sobre la actividad comercial. Sobre once ramas de actividad, abril anot\u00f3 nueve con retrocesos del 2 por ciento \u2013en miner\u00eda, administraci\u00f3n p\u00fablica, transporte y comunicaciones e inmobiliarias y servicios de alquiler\u2013 y un desplome de 23 por ciento en construcci\u00f3n. La recesi\u00f3n econ\u00f3mica para el primer cuatrimestre es de 1,2 por ciento. El Indec reci\u00e9n entregar\u00e1 datos oficiales sobre la evoluci\u00f3n del PIB el mes que viene.<\/p>\n<p>Las perspectivas a futuro no son muy alentadoras entre los consumidores. El relevamiento de la Di Tella se\u00f1ala para mayo una ca\u00edda de 7,3 por ciento de la percepci\u00f3n de la situaci\u00f3n personal respecto de la que ten\u00edan los encuestados hace un a\u00f1o. No obstante, se evidencia en promedio la esperanza sobre una mejora para los pr\u00f3ximos doce meses, lo que se reflej\u00f3 en una suba de 2,8 por ciento en ese \u00edtem. En el cotejo interanual la percepci\u00f3n de la situaci\u00f3n econ\u00f3mica en el interior del pa\u00eds se deterior\u00f3 12,6 por ciento, seguido por Capital Federal (-8,9) y el GBA (-3,3). Con respecto a mayo de 2015 y a nivel nacional, el sub\u00edndice de situaci\u00f3n personal presenta una ca\u00edda promedio de 19,7 por ciento. El informe tambi\u00e9n destaca la percepci\u00f3n de un mal comportamiento de la demanda de dos sectores clave para dinamizar la econom\u00eda, como los bienes durables e inmuebles. El Indice de Confianza del Consumidor (ICC) de la Di Tella arroja una ca\u00edda mensual del 13,9 por ciento para ambos.<\/p>\n<h6>Fuente: P\u00e1gina 12<\/h6>\n","protected":false},"excerpt":{"rendered":"<p>Por tercer mes consecutivo, en abril se acentu\u00f3 la recesi\u00f3n. Lo se\u00f1al\u00f3 el estudio Ferreres, que aporta sus estimaciones mientras el Indec sigue con el apag\u00f3n estad\u00edstico. La confianza del consumidor, seg\u00fan la Di Tella, se derrumb\u00f3 22 por ciento.<\/p>\n","protected":false},"author":2,"featured_media":48932,"comment_status":"closed","ping_status":"closed","sticky":false,"template":"","format":"standard","meta":{"footnotes":""},"categories":[8],"tags":[21],"class_list":["post-48931","post","type-post","status-publish","format-standard","has-post-thumbnail","hentry","category-informe-nacional","tag-argentina"],"_links":{"self":[{"href":"http:\/\/argentinamunicipal.com.ar\/argentina\/wp-json\/wp\/v2\/posts\/48931","targetHints":{"allow":["GET"]}}],"collection":[{"href":"http:\/\/argentinamunicipal.com.ar\/argentina\/wp-json\/wp\/v2\/posts"}],"about":[{"href":"http:\/\/argentinamunicipal.com.ar\/argentina\/wp-json\/wp\/v2\/types\/post"}],"author":[{"embeddable":true,"href":"http:\/\/argentinamunicipal.com.ar\/argentina\/wp-json\/wp\/v2\/users\/2"}],"replies":[{"embeddable":true,"href":"http:\/\/argentinamunicipal.com.ar\/argentina\/wp-json\/wp\/v2\/comments?post=48931"}],"version-history":[{"count":0,"href":"http:\/\/argentinamunicipal.com.ar\/argentina\/wp-json\/wp\/v2\/posts\/48931\/revisions"}],"wp:featuredmedia":[{"embeddable":true,"href":"http:\/\/argentinamunicipal.com.ar\/argentina\/wp-json\/wp\/v2\/media\/48932"}],"wp:attachment":[{"href":"http:\/\/argentinamunicipal.com.ar\/argentina\/wp-json\/wp\/v2\/media?parent=48931"}],"wp:term":[{"taxonomy":"category","embeddable":true,"href":"http:\/\/argentinamunicipal.com.ar\/argentina\/wp-json\/wp\/v2\/categories?post=48931"},{"taxonomy":"post_tag","embeddable":true,"href":"http:\/\/argentinamunicipal.com.ar\/argentina\/wp-json\/wp\/v2\/tags?post=48931"}],"curies":[{"name":"wp","href":"https:\/\/api.w.org\/{rel}","templated":true}]}}