{"id":48941,"date":"2016-05-27T07:28:09","date_gmt":"2016-05-27T10:28:09","guid":{"rendered":"http:\/\/argentinamunicipal.com.ar\/argentina\/?p=48941"},"modified":"2016-05-27T07:28:09","modified_gmt":"2016-05-27T10:28:09","slug":"chubut-polemica-la-eliminacion-las-retenciones-las-lanas","status":"publish","type":"post","link":"http:\/\/argentinamunicipal.com.ar\/argentina\/chubut-polemica-la-eliminacion-las-retenciones-las-lanas\/","title":{"rendered":"Chubut: Pol\u00e9mica por la eliminaci\u00f3n de las retenciones a las lanas"},"content":{"rendered":"<p>El senador nacional Alfredo Gonz\u00e1lez Luenzo, de Chubut Somos Todos, present\u00f3 un proyecto de declaraci\u00f3n por el que solicita al Gobierno nacional que informe los motivos de la incorporaci\u00f3n de la lana sin cardar ni peinar, conocida como sucia, entre los productos exentos de retenciones. El legislador entiende que as\u00ed se afecta negativamente a las empresas procesadoras de lanas. La medida, adoptada en diciembre de 2015, apenas asumi\u00f3 Mauricio Macri, beneficia al sector del campo y productor de lana que, a diferencia del sector textil, plantea que no se vuelva al esquema anterior.<\/p>\n<p>La decisi\u00f3n del Gobierno nacional de quitar las retenciones a las econom\u00edas regionales, con el fundamento de implementar medidas efectivas en ayuda a los sectores productivos del campo y agro exportadores, gener\u00f3 en la pr\u00e1ctica una puja de intereses entre los productores de lana y las procesadoras de la misma.<br \/>\nIncialmente, el gobierno hab\u00eda resuelto continuar con las retenciones sobre la lana sucia de exportaci\u00f3n, reduciendo la quita de un 10% a un 5% pero luego, por un nuevo decreto, elimin\u00f3 por completo las retenciones a las exportaciones de ese producto, algo que beneficia al sector lanero, pero dej\u00f3 en grave situaci\u00f3n a las empresas que, a trav\u00e9s del cardado y peinado, incorporan valor econ\u00f3mico a un insumo b\u00e1sico, como es la lana en bruto.<br \/>\nEn su pedido de informes, el senador Luenzo afirma que en la provincia se encuentra el principal centro industrial lanero del pa\u00eds, concentrando el 90% de la capacidad instalada y en funcionamiento; e industrializando materia prima procedente de toda la regi\u00f3n patag\u00f3nica y de otras provincias y a partir de ello, junto al gobernador, busca dar una pronta soluci\u00f3n al sector y revertir esta medida que actualmente pone en peligro los puestos de trabajo del sector textil.<\/p>\n<p><strong>PARA EL PRODUCTOR LANERO ESTA BIEN<\/strong><br \/>\nDesde la Sociedad Rural de Comodoro Rivadavia se asegur\u00f3, ante consulta de El Patag\u00f3nico: \u0093de ninguna manera\u0094 se acompa\u00f1ar\u00e1 una revisi\u00f3n de la determinaci\u00f3n sobre las retenciones y, si bien reconocieron, que la medida puede terminar perjudicando a los textiles, sugirieron que \u0093lo que hay que hacer es buscar incentivos por otro lado, porque hoy los campos est\u00e1n en una situaci\u00f3n cr\u00edtica\u0094.<\/p>\n<p>El vicepresidente de la Sociedad Rural de Comodoro Rivadavia, Juan Jos\u00e9 Anglesio, argument\u00f3: \u0093el problema central es que tenemos poca lana, y que si le ponemos m\u00e1s impuestos o retenciones a los productores vamos a tener menos. Sabemos que la industria tiene un problema de competitividad, pero la soluci\u00f3n hay que buscarla por otro lado\u0094, advirti\u00f3.<\/p>\n<p>En el mismo tono, el productor rural acompa\u00f1\u00f3 la necesidad de \u0093plantear alternativas para el sector industrial\u0094 pero insisti\u00f3 en que \u0093lo que hay que hacer es trabajar todos juntos, incentivando tanto a los productores como a los textiles, y esto no pasa por ponernos m\u00e1s costos a nosotros\u0094, reiter\u00f3.<\/p>\n<p>Para justificar su postura, el dirigente ruralista record\u00f3 que la Sociedad Rural impulsa \u0093un plan ganadero provincial, por el cual se recomponga el stock, y se trabaje sobre campos abandonados, que hoy, seg\u00fan nuestros c\u00e1lculos, llega entre el 20 y el 30% de la totalidad de los establecimientos dedicados a la producci\u00f3n de lana\u0094, concluy\u00f3.<\/p>\n<h6>Fuente: El patag\u00f3nico<\/h6>\n","protected":false},"excerpt":{"rendered":"<p>El senador nacional Alfredo Gonz\u00e1lez Luenzo, de Chubut Somos Todos, present\u00f3 un proyecto de declaraci\u00f3n por el que solicita al Gobierno nacional que informe los motivos de la incorporaci\u00f3n de la lana sin cardar ni peinar<\/p>\n","protected":false},"author":2,"featured_media":48942,"comment_status":"closed","ping_status":"closed","sticky":false,"template":"","format":"standard","meta":{"footnotes":""},"categories":[65],"tags":[14],"class_list":["post-48941","post","type-post","status-publish","format-standard","has-post-thumbnail","hentry","category-provincias","tag-chubut"],"_links":{"self":[{"href":"http:\/\/argentinamunicipal.com.ar\/argentina\/wp-json\/wp\/v2\/posts\/48941","targetHints":{"allow":["GET"]}}],"collection":[{"href":"http:\/\/argentinamunicipal.com.ar\/argentina\/wp-json\/wp\/v2\/posts"}],"about":[{"href":"http:\/\/argentinamunicipal.com.ar\/argentina\/wp-json\/wp\/v2\/types\/post"}],"author":[{"embeddable":true,"href":"http:\/\/argentinamunicipal.com.ar\/argentina\/wp-json\/wp\/v2\/users\/2"}],"replies":[{"embeddable":true,"href":"http:\/\/argentinamunicipal.com.ar\/argentina\/wp-json\/wp\/v2\/comments?post=48941"}],"version-history":[{"count":0,"href":"http:\/\/argentinamunicipal.com.ar\/argentina\/wp-json\/wp\/v2\/posts\/48941\/revisions"}],"wp:featuredmedia":[{"embeddable":true,"href":"http:\/\/argentinamunicipal.com.ar\/argentina\/wp-json\/wp\/v2\/media\/48942"}],"wp:attachment":[{"href":"http:\/\/argentinamunicipal.com.ar\/argentina\/wp-json\/wp\/v2\/media?parent=48941"}],"wp:term":[{"taxonomy":"category","embeddable":true,"href":"http:\/\/argentinamunicipal.com.ar\/argentina\/wp-json\/wp\/v2\/categories?post=48941"},{"taxonomy":"post_tag","embeddable":true,"href":"http:\/\/argentinamunicipal.com.ar\/argentina\/wp-json\/wp\/v2\/tags?post=48941"}],"curies":[{"name":"wp","href":"https:\/\/api.w.org\/{rel}","templated":true}]}}