{"id":48965,"date":"2016-05-27T08:11:26","date_gmt":"2016-05-27T11:11:26","guid":{"rendered":"http:\/\/argentinamunicipal.com.ar\/argentina\/?p=48965"},"modified":"2016-05-27T08:11:26","modified_gmt":"2016-05-27T11:11:26","slug":"ollas-populares-vez-paro","status":"publish","type":"post","link":"http:\/\/argentinamunicipal.com.ar\/argentina\/ollas-populares-vez-paro\/","title":{"rendered":"Ollas populares en vez de paro"},"content":{"rendered":"<p>Aunque admitieron que el veto gener\u00f3 \u201cmalestar\u201d, s\u00f3lo aprobaron una jornada de ollas populares como respuesta. Aspiran a sumar a las otras centrales. Negaron una negociaci\u00f3n con el Gobierno para no realizar paro a cambio del dinero para las obras sociales.<\/p>\n<p>La CGT Azopardo que conduce el camionero Hugo Moyano anunci\u00f3 su respuesta al veto presidencial de la ley de Emergencia Ocupacional. \u201cA ra\u00edz del compromiso con los trabajadores, esta CGT propone hacer una jornada nacional de protesta con ollas populares en todas las plazas del pa\u00eds\u201d, inform\u00f3 ayer el secretario de Prensa de la central, Omar Plaini, apenas finalizado el encuentro del consejo directivo. El titular de la Confederaci\u00f3n Argentina de los Trabajadores del Transporte, Juan Carlos Schmid, asegur\u00f3 a P\u00e1gina\/12 que \u201cse analiz\u00f3 el alcance del veto, que gener\u00f3 malestar en los trabajadores. Llevamos la propuesta a la mesa de las tres CGT para que se sumen y vamos a hacer lo mismo con las CTA\u201d. M\u00e1s tarde se reunieron en la sede de UPCN referentes de los tres espacios gremiales cegetistas donde avanzaron en el proceso de reunificaci\u00f3n.<\/p>\n<p>\u201cLe pondremos fecha r\u00e1pidamente\u201d, apunt\u00f3 el secretario general del sindicato de Canillitas cuando comenzaban a retirarse los dirigentes que componen la c\u00fapula de la CGT moyanista. Los l\u00edderes sindicales se reunieron por primera vez desde que el presidente Mauricio Macri vetara la ley antidespidos que fue impulsada por las cinco centrales en las que est\u00e1 repartida la representaci\u00f3n del movimiento obrero. \u201cEstamos convencidos de que es una medida solidaria con los que est\u00e1n sufriendo m\u00e1s las consecuencias de los despidos, la inflaci\u00f3n y la pobreza\u201d, se\u00f1al\u00f3 Schmid al explicar la medida que definieron para mostrar el malestar de los trabajadores con las pol\u00edticas del gobierno nacional. \u201cCreemos que hay que actuar con prudencia teniendo en cuenta la situaci\u00f3n como est\u00e1\u201d, agreg\u00f3 luego el titular de la Federaci\u00f3n Mar\u00edtimo Portuaria respaldando la idea de no realizar un paro, anteponiendo tambi\u00e9n el frente interno en el que existen posiciones distintas entre las tres fracciones cegetistas.<\/p>\n<p>\u201cLa medida fue aprobada un\u00e1nimemente, a partir del compromiso con los trabajadores y con motivo de la pobreza que se ha incrementado\u201d, se\u00f1al\u00f3 Plaini reforzando el acuerdo que se logr\u00f3 entre los dirigentes que participaron de la reuni\u00f3n de consejo directivo y agreg\u00f3 que \u201cla conducci\u00f3n de la CGT analiz\u00f3 el veto presidencial, la situaci\u00f3n pol\u00edtica, econ\u00f3mica y social del pa\u00eds y la marcha del proceso de unidad del movimiento obrero. M\u00e1s all\u00e1 de la facultad institucional que asiste al primer magistrado, su decisi\u00f3n de vetar caus\u00f3 malestar en el sindicalismo\u201d. La fecha para la jornada de protesta qued\u00f3 en suspenso para consensuarla entre las tres CGT, y el secretario de Prensa destac\u00f3 que \u201cno se descarta que haya movilizaciones como hicimos en los noventa\u201d. El l\u00edder canillita y diputado agradeci\u00f3 \u201ca todos los senadores y diputados que acompa\u00f1aron la emergencia ocupacional que plante\u00f3 el movimiento obrero. Nunca fue un planteo hecho por los frentes, fue un pedido nuestro\u201d. A su vez descart\u00f3 el rumor de que haya existido una negociaci\u00f3n con el Gobierno para no realizar un paro a cambio de dinero para las obras sociales al apuntar que \u201cesos recursos son aportes de los trabajadores y no de los 40 millones de argentinos. De ninguna manera se aceptar\u00eda un trueque o un chantaje\u201d.<\/p>\n<p>Finalizada la reuni\u00f3n en la sede de la CGT, Moyano parti\u00f3 hacia la de UPCN, uno de los sindicatos de trabajadores del Estado, donde lo esperaban Cal\u00f3 y Carlos Acu\u00f1a en representaci\u00f3n de la CGT Azul y Blanca de Luis Barrionuevo. All\u00ed llev\u00f3 la propuesta de la jornada de protesta y continuaron trabajando sobre el proceso de fusi\u00f3n para que a partir del 22 de agosto quede conformada una sola CGT. En el c\u00f3nclave analizaron el escenario pol\u00edtico y confirmaron la realizaci\u00f3n del Confederal convocado para el 3 de junio que desembocar\u00e1 en el Congreso que sellar\u00e1 la unificaci\u00f3n. \u201cEn esas reuniones no hablamos de candidatos. S\u00ed de buscar la mejor f\u00f3rmula para llegar a un consenso y elegir a quien mejor represente a los trabajadores\u201d, asegur\u00f3 Schmid, uno de los nombres que se mencionan como posible candidato junto al camionero Pablo Moyano y el dirigente de Sanidad, H\u00e9ctor Daer.<\/p>\n<h6>Fuente: P\u00e1gina 12<\/h6>\n","protected":false},"excerpt":{"rendered":"<p>Aunque admitieron que el veto gener\u00f3 \u201cmalestar\u201d, s\u00f3lo aprobaron una jornada de ollas populares como respuesta. Aspiran a sumar a las otras centrales. Negaron una negociaci\u00f3n con el Gobierno para no realizar paro a cambio del dinero para las obras sociales.<\/p>\n","protected":false},"author":2,"featured_media":48966,"comment_status":"closed","ping_status":"closed","sticky":false,"template":"","format":"standard","meta":{"footnotes":""},"categories":[8],"tags":[21],"class_list":["post-48965","post","type-post","status-publish","format-standard","has-post-thumbnail","hentry","category-informe-nacional","tag-argentina"],"_links":{"self":[{"href":"http:\/\/argentinamunicipal.com.ar\/argentina\/wp-json\/wp\/v2\/posts\/48965","targetHints":{"allow":["GET"]}}],"collection":[{"href":"http:\/\/argentinamunicipal.com.ar\/argentina\/wp-json\/wp\/v2\/posts"}],"about":[{"href":"http:\/\/argentinamunicipal.com.ar\/argentina\/wp-json\/wp\/v2\/types\/post"}],"author":[{"embeddable":true,"href":"http:\/\/argentinamunicipal.com.ar\/argentina\/wp-json\/wp\/v2\/users\/2"}],"replies":[{"embeddable":true,"href":"http:\/\/argentinamunicipal.com.ar\/argentina\/wp-json\/wp\/v2\/comments?post=48965"}],"version-history":[{"count":0,"href":"http:\/\/argentinamunicipal.com.ar\/argentina\/wp-json\/wp\/v2\/posts\/48965\/revisions"}],"wp:featuredmedia":[{"embeddable":true,"href":"http:\/\/argentinamunicipal.com.ar\/argentina\/wp-json\/wp\/v2\/media\/48966"}],"wp:attachment":[{"href":"http:\/\/argentinamunicipal.com.ar\/argentina\/wp-json\/wp\/v2\/media?parent=48965"}],"wp:term":[{"taxonomy":"category","embeddable":true,"href":"http:\/\/argentinamunicipal.com.ar\/argentina\/wp-json\/wp\/v2\/categories?post=48965"},{"taxonomy":"post_tag","embeddable":true,"href":"http:\/\/argentinamunicipal.com.ar\/argentina\/wp-json\/wp\/v2\/tags?post=48965"}],"curies":[{"name":"wp","href":"https:\/\/api.w.org\/{rel}","templated":true}]}}