{"id":48974,"date":"2016-05-27T08:23:33","date_gmt":"2016-05-27T11:23:33","guid":{"rendered":"http:\/\/argentinamunicipal.com.ar\/argentina\/?p=48974"},"modified":"2016-05-27T08:23:33","modified_gmt":"2016-05-27T11:23:33","slug":"neuquen-propondra-nacion-tope-500-aumento-gas-turismo","status":"publish","type":"post","link":"http:\/\/argentinamunicipal.com.ar\/argentina\/neuquen-propondra-nacion-tope-500-aumento-gas-turismo\/","title":{"rendered":"Neuqu\u00e9n\u00a0propondr\u00e1 a Naci\u00f3n un tope de 500% para el aumento de gas en el turismo"},"content":{"rendered":"<p>As\u00ed surgi\u00f3 tras el encuentro que mantuvo el Gobierno con empresarios del sector y los intendentes de la ciudades cordilleranas.<\/p>\n<p>Esa fue la propuesta que surgi\u00f3 tras el encuentro que realiz\u00f3 el Gobierno con los empresarios del sector y los intendentes de las ciudades cordilleranas.<\/p>\n<p>\u00abPudimos extraer algunas propuestas que se elevar\u00e1n durante los encuentros que mantendremos con los equipos t\u00e9cnicos de Naci\u00f3n\u00bb, manifest\u00f3 Jos\u00e9 Brillo, ministro de Turismo, en di\u00e1logo con LU5.<\/p>\n<p>Por otro lado, el Gobierno le pidi\u00f3 documentaci\u00f3n sobre los nuevos aumentos a las c\u00e1maras hoteleras y gastron\u00f3micas de la zona sur para determinar c\u00f3mo afecta la actualizaci\u00f3n de la tarifa del gas.<\/p>\n<p>El objetivo es tener un panorama general cuantificado que le permita al gobernador Guti\u00e9rrez exponer el problema de forma completa.<\/p>\n<p>Se busca que las autoridades nacionales puedan adecuar las medidas tomadas recientemente, con datos num\u00e9ricos precisos del impacto del nuevo cuadro tarifario en la industria del turismo.<\/p>\n<p>Con este registro, Provincia paut\u00f3 un encuentro con autoridades nacionales que podr\u00eda ser realizado el pr\u00f3ximo lunes, aunque podr\u00eda anticiparse para ma\u00f1ana<\/p>\n<p>Dentro de los pedidos, tambi\u00e9n se llevar\u00e1 el reclamo por la insuficiencia que tiene el pago del servicio del sector del 50 por ciento de la factura ahora y desdoblado para el a\u00f1o que viene y el 2018 tambi\u00e9n.<\/p>\n<p>\u00abTambi\u00e9n se habl\u00f3 de la posibilidad de actualizar a trav\u00e9s de incrementos en dos oportunidades. Como contrapartida vamos a exigirle a Camuzzi que haga las inversiones correspondientes\u00bb, dijo el funcionario.<\/p>\n<p>El gobernador Omar Guti\u00e9rrez no pudo asistir por complicaciones clim\u00e1ticas que imposibilitaron el vuelo que lo llevar\u00eda a San Mart\u00edn de los Andes, pero se comunic\u00f3 mediante videoconferencia.<\/p>\n<h6>Fuente: La Ma\u00f1ana Neuqu\u00e9n<\/h6>\n","protected":false},"excerpt":{"rendered":"<p>As\u00ed surgi\u00f3 tras el encuentro que mantuvo el Gobierno con empresarios del sector y los intendentes de la ciudades cordilleranas.<\/p>\n","protected":false},"author":2,"featured_media":48975,"comment_status":"closed","ping_status":"closed","sticky":false,"template":"","format":"standard","meta":{"footnotes":""},"categories":[65],"tags":[23],"class_list":["post-48974","post","type-post","status-publish","format-standard","has-post-thumbnail","hentry","category-provincias","tag-neuquen"],"_links":{"self":[{"href":"http:\/\/argentinamunicipal.com.ar\/argentina\/wp-json\/wp\/v2\/posts\/48974","targetHints":{"allow":["GET"]}}],"collection":[{"href":"http:\/\/argentinamunicipal.com.ar\/argentina\/wp-json\/wp\/v2\/posts"}],"about":[{"href":"http:\/\/argentinamunicipal.com.ar\/argentina\/wp-json\/wp\/v2\/types\/post"}],"author":[{"embeddable":true,"href":"http:\/\/argentinamunicipal.com.ar\/argentina\/wp-json\/wp\/v2\/users\/2"}],"replies":[{"embeddable":true,"href":"http:\/\/argentinamunicipal.com.ar\/argentina\/wp-json\/wp\/v2\/comments?post=48974"}],"version-history":[{"count":0,"href":"http:\/\/argentinamunicipal.com.ar\/argentina\/wp-json\/wp\/v2\/posts\/48974\/revisions"}],"wp:featuredmedia":[{"embeddable":true,"href":"http:\/\/argentinamunicipal.com.ar\/argentina\/wp-json\/wp\/v2\/media\/48975"}],"wp:attachment":[{"href":"http:\/\/argentinamunicipal.com.ar\/argentina\/wp-json\/wp\/v2\/media?parent=48974"}],"wp:term":[{"taxonomy":"category","embeddable":true,"href":"http:\/\/argentinamunicipal.com.ar\/argentina\/wp-json\/wp\/v2\/categories?post=48974"},{"taxonomy":"post_tag","embeddable":true,"href":"http:\/\/argentinamunicipal.com.ar\/argentina\/wp-json\/wp\/v2\/tags?post=48974"}],"curies":[{"name":"wp","href":"https:\/\/api.w.org\/{rel}","templated":true}]}}