{"id":49043,"date":"2016-05-31T07:01:42","date_gmt":"2016-05-31T10:01:42","guid":{"rendered":"http:\/\/argentinamunicipal.com.ar\/argentina\/?p=49043"},"modified":"2016-05-31T07:01:42","modified_gmt":"2016-05-31T10:01:42","slug":"cayo-ministro-transparencia-brasil","status":"publish","type":"post","link":"http:\/\/argentinamunicipal.com.ar\/argentina\/cayo-ministro-transparencia-brasil\/","title":{"rendered":"Cay\u00f3 el ministro de Transparencia de Brasil"},"content":{"rendered":"<p>En las conversaciones filtradas a la prensa, Silveira sugiere estrategias de defensa a algunos sospechosos de corrupci\u00f3n en el caso Petrobras. El ministro dej\u00f3 su cargo como lo hiciera la semana pasada el titular de Planificaci\u00f3n, Romero Juc\u00e1, involucrado en un esc\u00e1ndalo similar.<\/p>\n<p>El ministro de Transparencia, Fiscalizaci\u00f3n y Control de Brasil, Fabiano Silveira, dej\u00f3 su cargo luego de que se filtrara a la prensa un audio en el que recomend\u00f3 medidas para frenar las investigaciones por corrupci\u00f3n en Petrobras. Silveira envi\u00f3 una carta al presidente interino, Michel Temer, en la que present\u00f3 su renuncia de manera \u201cirrevocable\u201d. Por la tarde, el jefe de Estado hab\u00eda decidido mantenerlo al frente de la cartera de Transparencia, pero su renuncia era exigida por empleados de ese ministerio luego de que se divulgara el audio. La semana pasada, Temer acept\u00f3 el pedido de licencia del ministro de Planeamiento, Romero Juc\u00e1, involucrado en un esc\u00e1ndalo similar.<\/p>\n<p>El domingo TV Globo divulg\u00f3 nuevas grabaciones aportadas por S\u00e9rgio Machado, ex presidente de Transpetro, subsidiaria de Petrobras, que se acogi\u00f3 al r\u00e9gimen de delaci\u00f3n premiada (informaci\u00f3n a cambio de una reducci\u00f3n de la pena que le corresponde). En esos audios, que seg\u00fan TV Globo fueron registrados el 24 de febrero mientras Silveira a\u00fan se desempe\u00f1aba como miembro del Consejo Nacional de Justicia, el nuevo responsable de la lucha contra la corrupci\u00f3n criticaba la investigaci\u00f3n en la petrolera y suger\u00eda estrategias de defensa a algunos de los sospechosos.<\/p>\n<p>Silveira conversa con el presidente del Senado, Ren\u00e1n Calheiros, salpicado por ese caso de corrupci\u00f3n, y con Machado. \u201cEst\u00e1n perdidos con esa cuesti\u00f3n\u201d, dice Silveira en alusi\u00f3n al Ministerio P\u00fablico, responsable de las investigaciones; aconseja tanto a Calheiros como a Machado sobre l\u00edneas a adoptar en sus defensas. Machado grab\u00f3 a varios miembros y aliados del Partido Movimiento Democr\u00e1tico Brasile\u00f1o (PMDB) como Romero Juc\u00e1, mano derecha de Temer, quien la semana pasada debi\u00f3 abandonar el Ministerio de Planeamiento.<\/p>\n<p>En una nota oficial difundida el domingo, Silveira confirm\u00f3 el contenido de la grabaci\u00f3n y explic\u00f3 que fue hecha en la residencia de Calheiros, a quien visit\u00f3 sin saber que Machado estar\u00eda presente. Seg\u00fan el ministro, fue una conversaci\u00f3n de tono informal que de ninguna manera sugiere que haya hecho gestiones o interferido ante las instituciones p\u00fablicas en favor de terceros. De a acuerdo a la nota, \u201ces un desprop\u00f3sito sugerir que el Ministerio P\u00fablico, una instituci\u00f3n que ya dio tantas pruebas de independencia en el cumplimiento de su deber, pueda sufrir alg\u00fan tipo de interferencia externa\u201d.<\/p>\n<p>Las denuncias por corrupci\u00f3n en Petrobras alcanzan a medio centenar de pol\u00edticos de diversas formaciones, entre ellas, el PMDB, que lidera Temer, y es la columna vertebral del gobierno interino. En los \u00faltimos d\u00edas, Machado revel\u00f3 conversaciones con otros importantes dirigentes del PMDB, como el ex presidente Jos\u00e9 Sarney, quien tambi\u00e9n se queja de las investigaciones en Petrobras y llega a afirmar que Brasil est\u00e1 bajo una \u201cdictadura de la Justicia\u201d.<\/p>\n<p>Seg\u00fan Dilma Rousseff, la difusi\u00f3n de grabaciones como aquella en la que Juc\u00e1 pide delimitar la investigaci\u00f3n prueban que el proceso en su contra no supone m\u00e1s que un golpe de Estado que tiene por objetivo proteger a los corruptos. La semana pasada, el senador Roberto Requiao, que pertenece al mismo partido de Temer, aunque es un cr\u00edtico ac\u00e9rrimo de su rumbo econ\u00f3mico, asegur\u00f3 que las grabaciones muestran que el PMDB y el Partido de la Social Democracia Brasile\u00f1a (PSDB) hicieron un acuerdo para derrocar a Dilma. \u201cEsto no tiene nada que ver con el delito de responsabilidad que se le atribuye\u201d, se\u00f1al\u00f3.<\/p>\n<p>Temer, que a\u00fan no se expres\u00f3 sobre el caso Petrobras, asumi\u00f3 el poder en sustituci\u00f3n de la presidenta suspendida el 12 de mayo y ya tuvo que pedirle la renuncia a Juc\u00e1 al Ministerio de Planificaci\u00f3n por el audio en el que se lo escucha pedir la intervenci\u00f3n en el caso Petrobras. El mandatario interino consideraba hasta ayer que no hab\u00eda elementos para determinar la salida de Silveira de su gobierno. En una reuni\u00f3n con el procurador general de la Rep\u00fablica, Rodrigo Janot, seg\u00fan se\u00f1alaron fuentes oficiales, Temer ratific\u00f3 el apoyo de su Gobierno a toda investigaci\u00f3n sobre irregularidades en el \u00e1mbito p\u00fablico.<\/p>\n<p>La presi\u00f3n pol\u00edtica para que Silveira renunciara aument\u00f3 ayer despu\u00e9s de que la prensa difundiera los audios que lo vinculaban al caso Petrobras. Afiliados del sindicato que agrupa a los trabajadores del Ministerio de Transparencia, Fiscalizaci\u00f3n y Control se manifestaron en Brasilia para exigirle al presidente interino que destituyera a Silveira, a quien acusaron de realizar \u201cmaniobras oscuras\u201d relacionadas con la pesquisa en la petrolera estatal. Los manifestantes le impidieron al ministro renunciante el ingreso al edificio de la ex Controlar\u00eda General de la Uni\u00f3n (CGU), a la que Temer rebautiz\u00f3 con el nombre de Ministerio de Transparencia, Fiscalizaci\u00f3n y Control.<\/p>\n<p>A la protesta sindical se sum\u00f3 el cap\u00edtulo brasile\u00f1o del grupo Transparencia Internacional, que en un comunicado afirm\u00f3 que el Gobierno \u201cdebe garantizar que cualquier de sus miembros implicado en corrupci\u00f3n o que trabaje contra las investigaciones deber\u00e1 ser sustituido\u201d.<\/p>\n<h6>Fuente: P\u00e1gina 12<\/h6>\n","protected":false},"excerpt":{"rendered":"<p>En las conversaciones filtradas a la prensa, Silveira sugiere estrategias de defensa a algunos sospechosos de corrupci\u00f3n en el caso Petrobras.<\/p>\n","protected":false},"author":2,"featured_media":49044,"comment_status":"closed","ping_status":"closed","sticky":false,"template":"","format":"standard","meta":{"footnotes":""},"categories":[22],"tags":[57],"class_list":["post-49043","post","type-post","status-publish","format-standard","has-post-thumbnail","hentry","category-el-mundo","tag-el-mundo"],"_links":{"self":[{"href":"http:\/\/argentinamunicipal.com.ar\/argentina\/wp-json\/wp\/v2\/posts\/49043","targetHints":{"allow":["GET"]}}],"collection":[{"href":"http:\/\/argentinamunicipal.com.ar\/argentina\/wp-json\/wp\/v2\/posts"}],"about":[{"href":"http:\/\/argentinamunicipal.com.ar\/argentina\/wp-json\/wp\/v2\/types\/post"}],"author":[{"embeddable":true,"href":"http:\/\/argentinamunicipal.com.ar\/argentina\/wp-json\/wp\/v2\/users\/2"}],"replies":[{"embeddable":true,"href":"http:\/\/argentinamunicipal.com.ar\/argentina\/wp-json\/wp\/v2\/comments?post=49043"}],"version-history":[{"count":0,"href":"http:\/\/argentinamunicipal.com.ar\/argentina\/wp-json\/wp\/v2\/posts\/49043\/revisions"}],"wp:featuredmedia":[{"embeddable":true,"href":"http:\/\/argentinamunicipal.com.ar\/argentina\/wp-json\/wp\/v2\/media\/49044"}],"wp:attachment":[{"href":"http:\/\/argentinamunicipal.com.ar\/argentina\/wp-json\/wp\/v2\/media?parent=49043"}],"wp:term":[{"taxonomy":"category","embeddable":true,"href":"http:\/\/argentinamunicipal.com.ar\/argentina\/wp-json\/wp\/v2\/categories?post=49043"},{"taxonomy":"post_tag","embeddable":true,"href":"http:\/\/argentinamunicipal.com.ar\/argentina\/wp-json\/wp\/v2\/tags?post=49043"}],"curies":[{"name":"wp","href":"https:\/\/api.w.org\/{rel}","templated":true}]}}