{"id":49046,"date":"2016-05-31T07:05:19","date_gmt":"2016-05-31T10:05:19","guid":{"rendered":"http:\/\/argentinamunicipal.com.ar\/argentina\/?p=49046"},"modified":"2016-05-31T07:05:19","modified_gmt":"2016-05-31T10:05:19","slug":"fin-del-acampe-tierra-del-fuego-la-policia-desalojo-desarmo-las-carpas-frente-casa-gobierno","status":"publish","type":"post","link":"http:\/\/argentinamunicipal.com.ar\/argentina\/fin-del-acampe-tierra-del-fuego-la-policia-desalojo-desarmo-las-carpas-frente-casa-gobierno\/","title":{"rendered":"Fin del acampe: La Polic\u00eda desaloj\u00f3 y desarm\u00f3 las carpas frente a Casa de Gobierno de ierra del Fuego"},"content":{"rendered":"<p>Tras casi 90 d\u00edas de acampe frente a la sede gubernamental, efectivos de la Polic\u00eda Provincial, bajo la orden de la Secretar\u00eda de Seguridad, procedieron a desalojar el campamento de los estatales apostado en San Mart\u00edn 450.<\/p>\n<p>Durante el desalojo se gener\u00f3 un incendio que deriv\u00f3 en acusaciones cruzadas. Un polic\u00eda result\u00f3 con una herida cortante en la cabeza producto de un maderazo y un bombero se lesion\u00f3 en una pierna cuando intentaba sofocar el fuego. Desde los gremios aseguraron que hubo manifestantes lesionados.<\/p>\n<p>Alrededor de las 2 de la ma\u00f1ana de este martes la Polic\u00eda de la Provincia puso fin a 89 d\u00edas de acampe frente a Casa de Gobierno cuando en medio de un operativo dise\u00f1ado para tal fin, desaloj\u00f3 a los manifestantes que estaban presentes y procedi\u00f3 al desarme de todas las estructuras que se hab\u00edan instalado en el lugar. Durante el procedimiento se desat\u00f3 un incendio de envergadura que puso en riesgo la propia Casa de Gobierno.<\/p>\n<p>El siniestro gener\u00f3 acusaciones cruzadas ya que los gremialistas argumentaron que fue un incendio inducido por alguien y desde la fuerza policial aseguraban hoy en el lugar de los hechos que fue un manifestante quien inici\u00f3 el fuego de manera intencional.<\/p>\n<p>Mientras desde los gremios aseguraban que hab\u00eda trabajadores lesionados, desde la Polic\u00eda hab\u00edan reportado un polic\u00eda herido de un maderazo en la cabeza; y un bombero que se lesion\u00f3 en una pierna \u2013 sin la intervenci\u00f3n de terceros \u2013 cuando intentaba extinguir el fuego.<\/p>\n<p>Un alto Jefe Policial que pidi\u00f3 reserva, sostuvo durante la madrugada que actuaron por expresa orden del secretario de Seguridad de la Provincia, Ezequiel Murray, quien actu\u00f3 ejerciendo el poder de polic\u00eda.<\/p>\n<p>Ya a \u00faltimas horas de la tarde del lunes el rumor de que se iba a desarrollar el desalojo hab\u00eda tomado volumen en redes sociales y grupos de Whatsapp. Durante el desarrollo de los hechos no hab\u00eda gran cantidad de manifestantes ocupando las carpas.<\/p>\n<p>Luego del desalojo cordones policiales se apostaron en las intersecciones de San Mart\u00edn y 25 de Mayo; San Mart\u00edn y Godoy; Maip\u00fa y Lasserre; Deloquie y Lasserre; Roca y Deloqui; y Maip\u00fa y Roca.<\/p>\n<p>Luego comenzaron arribar camiones y cuadrillas de desarme enviadas por el Gobierno Provincial que procedieron a desarmar las estructuras. Inmumerable cantidad de viajes tuvieron que realizar los camiones cargados con palets, chapas y lonas que quedaron esparcidas en el sector.<\/p>\n<h6>Fuente: reporte Austral<\/h6>\n","protected":false},"excerpt":{"rendered":"<p>Tras casi 90 d\u00edas de acampe frente a la sede gubernamental, efectivos de la Polic\u00eda Provincial, bajo la orden de la Secretar\u00eda de Seguridad, procedieron a desalojar el campamento de los estatales apostado en San Mart\u00edn 450. <\/p>\n","protected":false},"author":2,"featured_media":49047,"comment_status":"closed","ping_status":"closed","sticky":false,"template":"","format":"standard","meta":{"footnotes":""},"categories":[65],"tags":[34],"class_list":["post-49046","post","type-post","status-publish","format-standard","has-post-thumbnail","hentry","category-provincias","tag-tierra-del-fuego"],"_links":{"self":[{"href":"http:\/\/argentinamunicipal.com.ar\/argentina\/wp-json\/wp\/v2\/posts\/49046","targetHints":{"allow":["GET"]}}],"collection":[{"href":"http:\/\/argentinamunicipal.com.ar\/argentina\/wp-json\/wp\/v2\/posts"}],"about":[{"href":"http:\/\/argentinamunicipal.com.ar\/argentina\/wp-json\/wp\/v2\/types\/post"}],"author":[{"embeddable":true,"href":"http:\/\/argentinamunicipal.com.ar\/argentina\/wp-json\/wp\/v2\/users\/2"}],"replies":[{"embeddable":true,"href":"http:\/\/argentinamunicipal.com.ar\/argentina\/wp-json\/wp\/v2\/comments?post=49046"}],"version-history":[{"count":0,"href":"http:\/\/argentinamunicipal.com.ar\/argentina\/wp-json\/wp\/v2\/posts\/49046\/revisions"}],"wp:featuredmedia":[{"embeddable":true,"href":"http:\/\/argentinamunicipal.com.ar\/argentina\/wp-json\/wp\/v2\/media\/49047"}],"wp:attachment":[{"href":"http:\/\/argentinamunicipal.com.ar\/argentina\/wp-json\/wp\/v2\/media?parent=49046"}],"wp:term":[{"taxonomy":"category","embeddable":true,"href":"http:\/\/argentinamunicipal.com.ar\/argentina\/wp-json\/wp\/v2\/categories?post=49046"},{"taxonomy":"post_tag","embeddable":true,"href":"http:\/\/argentinamunicipal.com.ar\/argentina\/wp-json\/wp\/v2\/tags?post=49046"}],"curies":[{"name":"wp","href":"https:\/\/api.w.org\/{rel}","templated":true}]}}