{"id":49058,"date":"2016-05-31T07:34:21","date_gmt":"2016-05-31T10:34:21","guid":{"rendered":"http:\/\/argentinamunicipal.com.ar\/argentina\/?p=49058"},"modified":"2016-05-31T07:34:21","modified_gmt":"2016-05-31T10:34:21","slug":"abuelas-nos-ponen-piedras-retirarlas","status":"publish","type":"post","link":"http:\/\/argentinamunicipal.com.ar\/argentina\/abuelas-nos-ponen-piedras-retirarlas\/","title":{"rendered":"Abuelas: \u201cSi nos ponen piedras, hay que retirarlas\u201d"},"content":{"rendered":"<p>Referentes de organismos de derechos humanos y artistas reivindicaron las pol\u00edticas de Memoria, Verdad y Justicia y reclamaron la renuncia del ministro de Cultura porte\u00f1o, Dar\u00edo Lop\u00e9rfido. \u201cPudimos contra Videla, c\u00f3mo no vamos a poder ahora\u201d, dijo Estela de Carlotto.<\/p>\n<p>\u201cHay mucho por hacer, no sabemos d\u00f3nde est\u00e1n y las Abuelas seguimos buscando nietos. Los tiempos que parecen malos hay que transformarlos en buenos, si nos ponen piedras, hay que retirarlas, si pudimos contra Videla c\u00f3mo no vamos a poder ahora, en estos tiempos en que (el ministro porte\u00f1o Dar\u00edo) Lop\u00e9rfido dice que no son tantos (los desaparecidos). Quiz\u00e1s ellos no son tantos, nosotras estamos de pie para seguir luchando.\u201d As\u00ed, contundente, Estela de Carlotto envi\u00f3 su mensaje al gobierno de Cambiemos, en un acto realizado ayer por la Semana Internacional del Detenido-Desaparecido en el que actuaron y cantaron Rita Cortese, Alejandro Awada y Dady Brieva.<\/p>\n<p>Carlotto habl\u00f3 al borde del escenario del auditorio de la Universidad Metropolitana para la Educaci\u00f3n y el Trabajo (UMET), en una actividad organizada por Caras y Caretas y la Federaci\u00f3n Latinoamericana de Asociaciones de Familiares de Detenidos Desaparecidos (Fedefam), de la cual participaron Abuelas de Plaza de Mayo, Familiares de Desaparecidos y Detenidos por Razones Pol\u00edticas, H.I.J.O.S., y Madres de Plaza de Mayo L\u00ednea Fundadora. Tras destacar la labor, ahora internacional, de Fedefam, Carlotto enfatiz\u00f3: \u201cAlgunas con bast\u00f3n, otras sin bast\u00f3n pero igual hoy decimos volveremos, nunca nos fuimos, estamos\u201d.<\/p>\n<p>El rector de la UMET, Nicol\u00e1s Trotta, devolvi\u00f3 los agradecimientos que minutos antes hab\u00eda recibido \u201ca los organismos por habernos elegido, porque nuestro proyecto universitario es la s\u00edntesis de lo que ha cambiado en Argentina en los \u00faltimos doce a\u00f1os, y es un mensaje de lo que tenemos que cuidar, una universidad creada por los trabajadores sintetiza el pa\u00eds de la movilidad social, de los sue\u00f1os de aquellos que en los a\u00f1os 70 pusieron su vida en peligro\u201d. Trotta agreg\u00f3 que \u201ctambi\u00e9n hay que cuidar las pol\u00edticas de Memoria, Verdad y Justicia, porque no fue magia ni casualidad sino un trabajo del Estado y de todas estas voluntades movilizadas, que permitieron juzgar a los genocidas\u201d, y destac\u00f3 que su preocupaci\u00f3n es \u201cformar ciudadanos que se sepan enfrentar al mundo del trabajo\u201d y \u201ctambi\u00e9n ciudadanos que se preocupen por el otro, tal el mensaje de las Madres, las Abuelas, los Familiares y los Hijos\u201d.<\/p>\n<p>Enseguida el micr\u00f3fono pas\u00f3 a manos de Lita Boitano, de Familiares, quien comenz\u00f3 su discurso exigiendo la libertad de Milagro Sala, la l\u00edder de la agrupaci\u00f3n Tupac Amaru, perseguida por el gobierno juje\u00f1o de Gerardo Morales. Y sigui\u00f3 con una pregunta para el rector de la UMET. \u201c\u00bfSe juntar\u00e1n todos los sindicatos para frenar los despidos? \u00bfO tambi\u00e9n para aplaudir sentencias como la que vivimos la semana pasada por el Plan C\u00f3ndor?\u201d, inquiri\u00f3 la dirigente de derechos humanos. \u201cHay que estar lo m\u00e1s juntos posible para que sigan los juicios (por delitos de lesa humanidad), que no nos cambien, que podamos seguir en libertad, no queremos volver a tener miedo\u201d, agreg\u00f3 Boitano. Tambi\u00e9n mostr\u00f3 sus reparos sobre la posici\u00f3n de la Iglesia respecto de la situaci\u00f3n judicial de los represores, y se despidi\u00f3 destacando la \u201calegr\u00eda de abrazarnos y re\u00edrnos porque estamos vivas\u201d.<\/p>\n<p>Entre las adhesiones que llegaron estuvo la de Leopoldo Moreau y Gustavo L\u00f3pez, del Movimiento Nacional Alfonsinista &#8211; Forja. En un video que fue proyectado durante el acto, Marta V\u00e1zquez, de Madres, expres\u00f3 su temor de que \u201cjuicios que han avanzado comiencen a decaer\u201d.<\/p>\n<p>Al subir al escenario, Awada tambi\u00e9n dijo gracias a las Madres \u201cporque han hecho mucho por mi evoluci\u00f3n\u201d. Y ley\u00f3 el poema \u201cLos enemigos\u201d, de Pablo Neruda. \u201cNo los quiero de embajadores, tampoco en su casa tranquilos, los quiero ver aqu\u00ed juzgados en esta plaza, en este sitio. Quiero castigo\u201d, cerr\u00f3 Awada y lo acompa\u00f1aron fort\u00edsimos aplausos.<\/p>\n<p>Enseguida le toc\u00f3 a Rita Cortese, quien antes de cantar tangos, boleros y milongas dijo que las mujeres de los pa\u00f1uelos blancos que estaban sentadas en primera fila \u201cson nuestro faro, nuestra referencia m\u00e1s importante\u201d, y grit\u00f3 \u201cni una menos\u201d y \u201crenuncia de Dar\u00edo Lop\u00e9rfido\u201d. Luego, al terminar su show de humor que deleit\u00f3 a las Madres, Abuelas y a todo el p\u00fablico presente, Dady Brieva expres\u00f3 que \u201ctener memoria es como nuestra caja fuerte\u201d.<\/p>\n<p>Cerr\u00f3 el acto, que tuvo m\u00e1s de encuentro informal y afectivo que de protocolo, la en\u00e9rgica Tati Almeyda, una vez m\u00e1s dirigi\u00e9ndose a Lop\u00e9rfido: \u201cAc\u00e1 hubo un genocidio por el terrorismo de Estado, son 30 mil, no vamos a aceptar que pretendas instalar de nuevo la teor\u00eda de los dos demonios\u201d. La luchadora record\u00f3 que hace pocos d\u00edas les pidieron a las autoridades nacionales y porte\u00f1as que el funcionario se disculpe en forma p\u00fablica por haber puesto en duda la cifra de los desaparecidos, y que renuncie. \u201cInsult\u00f3 la memoria de nuestros hijos, por eso te decimos que sos persona non grata y ten\u00e9s que renunciar\u201d. Con el grito de todos, repetido tres veces, los desaparecidos volvieron a estar \u201cpresentes\u201d en la memoria de sus familiares, amigos y sobrevivientes del genocidio.<\/p>\n<h6>Fuente: P\u00e1gina 12<\/h6>\n","protected":false},"excerpt":{"rendered":"<p>Referentes de organismos de derechos humanos y artistas reivindicaron las pol\u00edticas de Memoria, Verdad y Justicia y reclamaron la renuncia del ministro de Cultura porte\u00f1o, Dar\u00edo Lop\u00e9rfido. \u201cPudimos contra Videla, c\u00f3mo no vamos a poder ahora\u201d, dijo Estela de Carlotto.<\/p>\n","protected":false},"author":2,"featured_media":49059,"comment_status":"closed","ping_status":"closed","sticky":false,"template":"","format":"standard","meta":{"footnotes":""},"categories":[8],"tags":[21],"class_list":["post-49058","post","type-post","status-publish","format-standard","has-post-thumbnail","hentry","category-informe-nacional","tag-argentina"],"_links":{"self":[{"href":"http:\/\/argentinamunicipal.com.ar\/argentina\/wp-json\/wp\/v2\/posts\/49058","targetHints":{"allow":["GET"]}}],"collection":[{"href":"http:\/\/argentinamunicipal.com.ar\/argentina\/wp-json\/wp\/v2\/posts"}],"about":[{"href":"http:\/\/argentinamunicipal.com.ar\/argentina\/wp-json\/wp\/v2\/types\/post"}],"author":[{"embeddable":true,"href":"http:\/\/argentinamunicipal.com.ar\/argentina\/wp-json\/wp\/v2\/users\/2"}],"replies":[{"embeddable":true,"href":"http:\/\/argentinamunicipal.com.ar\/argentina\/wp-json\/wp\/v2\/comments?post=49058"}],"version-history":[{"count":0,"href":"http:\/\/argentinamunicipal.com.ar\/argentina\/wp-json\/wp\/v2\/posts\/49058\/revisions"}],"wp:featuredmedia":[{"embeddable":true,"href":"http:\/\/argentinamunicipal.com.ar\/argentina\/wp-json\/wp\/v2\/media\/49059"}],"wp:attachment":[{"href":"http:\/\/argentinamunicipal.com.ar\/argentina\/wp-json\/wp\/v2\/media?parent=49058"}],"wp:term":[{"taxonomy":"category","embeddable":true,"href":"http:\/\/argentinamunicipal.com.ar\/argentina\/wp-json\/wp\/v2\/categories?post=49058"},{"taxonomy":"post_tag","embeddable":true,"href":"http:\/\/argentinamunicipal.com.ar\/argentina\/wp-json\/wp\/v2\/tags?post=49058"}],"curies":[{"name":"wp","href":"https:\/\/api.w.org\/{rel}","templated":true}]}}