{"id":49070,"date":"2016-05-31T08:15:26","date_gmt":"2016-05-31T11:15:26","guid":{"rendered":"http:\/\/argentinamunicipal.com.ar\/argentina\/?p=49070"},"modified":"2016-05-31T08:15:26","modified_gmt":"2016-05-31T11:15:26","slug":"francia-se-endurecen-protestas-la-reforma-laboral","status":"publish","type":"post","link":"http:\/\/argentinamunicipal.com.ar\/argentina\/francia-se-endurecen-protestas-la-reforma-laboral\/","title":{"rendered":"Francia: se endurecen protestas contra la reforma laboral"},"content":{"rendered":"<p>Los sindicatos del bloquearon la planta de residuos m\u00e1s grande del pa\u00eds y contin\u00faan complicando al Gobierno de Hollande para evitar que se apruebe la \u00abley El Khomri\u00bb.<\/p>\n<p>Sindicatos de Francia abrieron ayer un nuevo frente en su pulseada con el gobierno por la reforma laboral al bloquear la planta de residuos m\u00e1s grande del pa\u00eds y de Europa y llamar a paralizar la recolecci\u00f3n de basura, en v\u00edspera del inicio de varios d\u00edas de paro en el transporte p\u00fablico.<\/p>\n<p>El proyecto de ley de reforma laboral, conocida como \u201cley El Khomri\u201d por el apellido de la ministra de Trabajo, Myriam El Khomri, desat\u00f3 ya m\u00e1s de dos meses de huelgas y protestas por momentos masivas y violentas que pusieron en jaque la provisi\u00f3n de combustible e incluso el suministro el\u00e9ctrico de millones de ciudadanos.<\/p>\n<p>La reforma contempla la primac\u00eda de la negociaci\u00f3n directa entre empresario y trabajador, por encima del c\u00f3digo de trabajo y los convenios colectivos; establece un techo en las indemnizaciones por despido improcedente y establece las condiciones que justificar\u00edan el despido econ\u00f3mico.<\/p>\n<p>El gobierno socialista del presidente Francois Hollande afirma que la ley es necesaria para contener un desempleo que se mantiene en un 10% de promedio pero que crece al 24% en los menores de 25 a\u00f1os, al dar m\u00e1s flexibilidad a un mercado laboral sumamente r\u00edgido como el franc\u00e9s.<\/p>\n<p>Los sindicatos, apoyados por los estudiantes, dicen que se trata de una ley neoliberal que retrotrae la situaci\u00f3n laboral del pa\u00eds al siglo XIX, ya que busca esencialmente abaratar y facilitar el despido y echa por la borda conquistas sociales cuya consecuci\u00f3n tom\u00f3 d\u00e9cadas de lucha en las calles.<br \/>\nAyer, las autoridades informaron de una mejora en la provisi\u00f3n de combustible, con menos estaciones de servicio con tanques vac\u00edos respecto de la semana pasada, cuando casi un tercio de ellas sufri\u00f3 faltantes o carencia total de alg\u00fan tipo de carburante.<\/p>\n<p>Sin embargo, ayer siguieron las huelgas en el sector petrolero, con cuatro de las ocho refiner\u00edas francesas completamente paradas y dos m\u00e1s funcionando a medias, y una prolongaci\u00f3n del paro en la terminal petrolera del puerto de Le Havre, a la que el Ejecutivo ha impuesto unos servicios m\u00ednimos.<\/p>\n<p>Esa terminal gestionada por la Compa\u00f1\u00eda Industrial y Mar\u00edtima es una infraestructura clave por la que entra el 40 % del petr\u00f3leo bruto a Francia y desde la que se suministran tres refiner\u00edas y se distribuye por oleoducto el queros\u00e9n para los dos aeropuertos de Par\u00eds: el Charles de Gaulle y el Orly.<\/p>\n<h6>Fuente: Los Andes<\/h6>\n","protected":false},"excerpt":{"rendered":"<p>Los sindicatos del bloquearon la planta de residuos m\u00e1s grande del pa\u00eds y contin\u00faan complicando al Gobierno de Hollande para evitar que se apruebe la \u00abley El Khomri\u00bb.<\/p>\n","protected":false},"author":2,"featured_media":49071,"comment_status":"closed","ping_status":"closed","sticky":false,"template":"","format":"standard","meta":{"footnotes":""},"categories":[22],"tags":[57],"class_list":["post-49070","post","type-post","status-publish","format-standard","has-post-thumbnail","hentry","category-el-mundo","tag-el-mundo"],"_links":{"self":[{"href":"http:\/\/argentinamunicipal.com.ar\/argentina\/wp-json\/wp\/v2\/posts\/49070","targetHints":{"allow":["GET"]}}],"collection":[{"href":"http:\/\/argentinamunicipal.com.ar\/argentina\/wp-json\/wp\/v2\/posts"}],"about":[{"href":"http:\/\/argentinamunicipal.com.ar\/argentina\/wp-json\/wp\/v2\/types\/post"}],"author":[{"embeddable":true,"href":"http:\/\/argentinamunicipal.com.ar\/argentina\/wp-json\/wp\/v2\/users\/2"}],"replies":[{"embeddable":true,"href":"http:\/\/argentinamunicipal.com.ar\/argentina\/wp-json\/wp\/v2\/comments?post=49070"}],"version-history":[{"count":0,"href":"http:\/\/argentinamunicipal.com.ar\/argentina\/wp-json\/wp\/v2\/posts\/49070\/revisions"}],"wp:featuredmedia":[{"embeddable":true,"href":"http:\/\/argentinamunicipal.com.ar\/argentina\/wp-json\/wp\/v2\/media\/49071"}],"wp:attachment":[{"href":"http:\/\/argentinamunicipal.com.ar\/argentina\/wp-json\/wp\/v2\/media?parent=49070"}],"wp:term":[{"taxonomy":"category","embeddable":true,"href":"http:\/\/argentinamunicipal.com.ar\/argentina\/wp-json\/wp\/v2\/categories?post=49070"},{"taxonomy":"post_tag","embeddable":true,"href":"http:\/\/argentinamunicipal.com.ar\/argentina\/wp-json\/wp\/v2\/tags?post=49070"}],"curies":[{"name":"wp","href":"https:\/\/api.w.org\/{rel}","templated":true}]}}