{"id":49076,"date":"2016-05-31T08:20:55","date_gmt":"2016-05-31T11:20:55","guid":{"rendered":"http:\/\/argentinamunicipal.com.ar\/argentina\/?p=49076"},"modified":"2016-05-31T08:20:55","modified_gmt":"2016-05-31T11:20:55","slug":"puerto-sabores-la-nueva-apuesta-la-estacion-fluvial-rosario","status":"publish","type":"post","link":"http:\/\/argentinamunicipal.com.ar\/argentina\/puerto-sabores-la-nueva-apuesta-la-estacion-fluvial-rosario\/","title":{"rendered":"Puerto de Sabores, la nueva apuesta en la Estaci\u00f3n Fluvial de Rosario"},"content":{"rendered":"<p>Se trata de una galer\u00eda de comida artesanal, natural y gourmet. Se lanz\u00f3 ayer<\/p>\n<p>Este 25 de mayo la Estaci\u00f3n Fluvial de Rosario lanz\u00f3 un nuevo espacio dedicado a diversas ofertas gastron\u00f3micas denominado \u00abPuerto de sabores\u00bb. Para la ocasi\u00f3n se destin\u00f3 el espacio exclusivo de la galer\u00eda externa y del estacionamiento al aire libre para crear una Galer\u00eda de comida artesanal, natural y gourmet. La feria comenzar\u00e1 a funcionar en modalidad permanente durante los domingos a partir del mes de junio.<\/p>\n<p>Tambi\u00e9n estuvieron presentes los FoodTrucks \u00abAlgo con Carmela\u00bb y \u00abHell&#8217;s Truck\u00bb con variadas propuestas. El evento se lleva\u00f3 a cabo desde las 10hs. hasta las 18hs. Para luego continuar disfrutando en locales gastron\u00f3micos del lugar.<\/p>\n<p>Puerto de Sabores contar\u00e1 con: Galer\u00eda de comida artesanal, natural y gourmet, Diversidad de productores con m\u00e1s de 200 productos, Foodtrucks, Men\u00fa criollo y patag\u00f3nico en los locales gastron\u00f3micos, Excursiones por el r\u00edo Paran\u00e1.<\/p>\n<h6>Fuente: sin Mordaza<\/h6>\n","protected":false},"excerpt":{"rendered":"<p>Se trata de una galer\u00eda de comida artesanal, natural y gourmet. Se lanz\u00f3 ayer<\/p>\n","protected":false},"author":2,"featured_media":49077,"comment_status":"closed","ping_status":"closed","sticky":false,"template":"","format":"standard","meta":{"footnotes":""},"categories":[47],"tags":[10],"class_list":["post-49076","post","type-post","status-publish","format-standard","has-post-thumbnail","hentry","category-fiestas","tag-santa-fe"],"_links":{"self":[{"href":"http:\/\/argentinamunicipal.com.ar\/argentina\/wp-json\/wp\/v2\/posts\/49076","targetHints":{"allow":["GET"]}}],"collection":[{"href":"http:\/\/argentinamunicipal.com.ar\/argentina\/wp-json\/wp\/v2\/posts"}],"about":[{"href":"http:\/\/argentinamunicipal.com.ar\/argentina\/wp-json\/wp\/v2\/types\/post"}],"author":[{"embeddable":true,"href":"http:\/\/argentinamunicipal.com.ar\/argentina\/wp-json\/wp\/v2\/users\/2"}],"replies":[{"embeddable":true,"href":"http:\/\/argentinamunicipal.com.ar\/argentina\/wp-json\/wp\/v2\/comments?post=49076"}],"version-history":[{"count":0,"href":"http:\/\/argentinamunicipal.com.ar\/argentina\/wp-json\/wp\/v2\/posts\/49076\/revisions"}],"wp:featuredmedia":[{"embeddable":true,"href":"http:\/\/argentinamunicipal.com.ar\/argentina\/wp-json\/wp\/v2\/media\/49077"}],"wp:attachment":[{"href":"http:\/\/argentinamunicipal.com.ar\/argentina\/wp-json\/wp\/v2\/media?parent=49076"}],"wp:term":[{"taxonomy":"category","embeddable":true,"href":"http:\/\/argentinamunicipal.com.ar\/argentina\/wp-json\/wp\/v2\/categories?post=49076"},{"taxonomy":"post_tag","embeddable":true,"href":"http:\/\/argentinamunicipal.com.ar\/argentina\/wp-json\/wp\/v2\/tags?post=49076"}],"curies":[{"name":"wp","href":"https:\/\/api.w.org\/{rel}","templated":true}]}}