{"id":49338,"date":"2016-06-07T07:19:42","date_gmt":"2016-06-07T10:19:42","guid":{"rendered":"http:\/\/argentinamunicipal.com.ar\/argentina\/?p=49338"},"modified":"2016-06-07T07:19:42","modified_gmt":"2016-06-07T10:19:42","slug":"intendentes-peronistas-realizan-jornada-reclamo-defensa-los-clubes-barrio","status":"publish","type":"post","link":"http:\/\/argentinamunicipal.com.ar\/argentina\/intendentes-peronistas-realizan-jornada-reclamo-defensa-los-clubes-barrio\/","title":{"rendered":"Intendentes peronistas realizan jornada de reclamo en \u201cdefensa de los clubes de barrio\u201d"},"content":{"rendered":"<p>Los alcaldes llevar\u00e1 a cabo actividades en simult\u00e1neo en las plazas ubicadas frente a los distintos palacios municipales.<\/p>\n<p>Como lo adelantaron la semana pasada, un grupo de intendentes peronistas bonaerenses realizar\u00e1n hoy por la tarde una jornada de reclamo en \u201cdefensa de los clubes de barrio\u201d.<\/p>\n<p>La medida a realizarse a partir de las 18 se dar\u00e1 en simult\u00e1neo en las plazas ubicadas frente a los distintos palacios municipales.<\/p>\n<p>\u201cHay sectores del Gobierno que mostraron buena predisposici\u00f3n pero es evidente que el Ministro de Energ\u00eda, Juan Jos\u00e9 Aranguren, se opone a que todos los clubes tengan acceso a la tarifa social\u201d, aseguraron los jefes comunales en comunicado.<\/p>\n<p>Adem\u00e1s, denunciaron que \u201cson tantos los requisitos que piden que se vuelve imposible el cumplimiento para los clubes m\u00e1s humildes, que justamente son los m\u00e1s importantes en t\u00e9rmino de inclusi\u00f3n social e igualdad de oportunidades\u201d.<\/p>\n<h6>Fuente: InfoCielo<\/h6>\n","protected":false},"excerpt":{"rendered":"<p>Los alcaldes llevar\u00e1 a cabo actividades en simult\u00e1neo en las plazas ubicadas frente a los distintos palacios municipales.<\/p>\n","protected":false},"author":2,"featured_media":49339,"comment_status":"closed","ping_status":"closed","sticky":false,"template":"","format":"standard","meta":{"footnotes":""},"categories":[2],"tags":[12],"class_list":["post-49338","post","type-post","status-publish","format-standard","has-post-thumbnail","hentry","category-informe-municipal","tag-buenos-aires"],"_links":{"self":[{"href":"http:\/\/argentinamunicipal.com.ar\/argentina\/wp-json\/wp\/v2\/posts\/49338","targetHints":{"allow":["GET"]}}],"collection":[{"href":"http:\/\/argentinamunicipal.com.ar\/argentina\/wp-json\/wp\/v2\/posts"}],"about":[{"href":"http:\/\/argentinamunicipal.com.ar\/argentina\/wp-json\/wp\/v2\/types\/post"}],"author":[{"embeddable":true,"href":"http:\/\/argentinamunicipal.com.ar\/argentina\/wp-json\/wp\/v2\/users\/2"}],"replies":[{"embeddable":true,"href":"http:\/\/argentinamunicipal.com.ar\/argentina\/wp-json\/wp\/v2\/comments?post=49338"}],"version-history":[{"count":0,"href":"http:\/\/argentinamunicipal.com.ar\/argentina\/wp-json\/wp\/v2\/posts\/49338\/revisions"}],"wp:featuredmedia":[{"embeddable":true,"href":"http:\/\/argentinamunicipal.com.ar\/argentina\/wp-json\/wp\/v2\/media\/49339"}],"wp:attachment":[{"href":"http:\/\/argentinamunicipal.com.ar\/argentina\/wp-json\/wp\/v2\/media?parent=49338"}],"wp:term":[{"taxonomy":"category","embeddable":true,"href":"http:\/\/argentinamunicipal.com.ar\/argentina\/wp-json\/wp\/v2\/categories?post=49338"},{"taxonomy":"post_tag","embeddable":true,"href":"http:\/\/argentinamunicipal.com.ar\/argentina\/wp-json\/wp\/v2\/tags?post=49338"}],"curies":[{"name":"wp","href":"https:\/\/api.w.org\/{rel}","templated":true}]}}