{"id":49347,"date":"2016-06-07T07:31:53","date_gmt":"2016-06-07T10:31:53","guid":{"rendered":"http:\/\/argentinamunicipal.com.ar\/argentina\/?p=49347"},"modified":"2016-06-07T07:31:53","modified_gmt":"2016-06-07T10:31:53","slug":"los-topes-puso-macri-una-burla","status":"publish","type":"post","link":"http:\/\/argentinamunicipal.com.ar\/argentina\/los-topes-puso-macri-una-burla\/","title":{"rendered":"\u201cLos topes que puso Macri son una burla\u201d"},"content":{"rendered":"<p>Las organizaciones afectadas por la suba de tarifas de luz, gas y agua se reunieron y dejaron en claro que las medidas de \u201calivio\u201d son insuficientes. Continuar\u00e1n con las presentaciones judiciales y las protestas.<\/p>\n<p>Pymes, cooperativas, empresas recuperadas, clubes de barrio y centros culturales dejaron en claro ayer que las medidas de alivio tarifario que recibieron de parte del macrismo son insuficientes y que continuar\u00e1n con las presentaciones judiciales y las protestas. Esas entidades lanzaron ayer una convocatoria multisectorial para canalizar sus reclamos en contra del Gobierno y organizar las movilizaciones en la calle. El diagn\u00f3stico es compartido: a pesar de que la boleta aumente \u201cs\u00f3lo\u201d un 500 por ciento, el cambio tarifario abrupto en un contexto de desplome de las ventas, apertura de importaciones y aumento de otros costos por la megadevaluaci\u00f3n deja a miles de puestos de trabajo en la cuerda floja.<\/p>\n<p>Ayer se reunieron cientos de dirigentes pymes, cooperativistas, de los clubes y centros culturales en el auditorio del Hotel Bauen para definir una respuesta unificada frente a la pol\u00edtica econ\u00f3mica agresiva que reciben del macrismo. Hoy habr\u00e1 una jornada de actividades de unos 6 mil clubes de barrio en la Plaza de Mayo, movilizados por la Uni\u00f3n Nacional de Clubes de Barrio y ma\u00f1ana marchar\u00e1n cooperativas y pymes al Ministerio de Energ\u00eda y a la cartera laboral. P\u00e1gina\/12 recogi\u00f3 testimonios de trabajadores y presenci\u00f3 la discusi\u00f3n del plenario.<\/p>\n<p><strong>Algunos casos<\/strong><br \/>\n\u201cEsta decisi\u00f3n del Gobierno nos est\u00e1 arruinando. El tarifazo nos dio en la columna vertebral porque la energ\u00eda y el agua es lo que m\u00e1s utilizamos\u201d, indic\u00f3 a este diario Pl\u00e1cido Pe\u00f1arrieta, de la Cooperativa Artes Gr\u00e1ficas Chilavert, que cuenta con 15 asociados y cuya factura de luz subi\u00f3 de 3 mil a 15 mil pesos y el agua de 800 a 5 mil pesos. \u201cEl tope que puso el Gobierno no nos sirve porque de cualquier manera no podemos trasladarlo a precios, lo que se suma a la baja de la producci\u00f3n por la apertura de importaciones. En este contexto de inflaci\u00f3n no pudimos aumentar los retiros de cada asociado, hemos pagado dos boletas y la \u00faltima ya no la pudimos pagar\u201d, agreg\u00f3.<\/p>\n<p>\u201cEl gran problema es que si no hay trabajo no hay forma de absorber un aumento tan elevado porque ning\u00fan cliente lo acepta. S\u00f3lo por el consumo de las m\u00e1quinas nosotros pasamos de 6 mil a 33 mil pesos de luz\u201d, se\u00f1al\u00f3 a P\u00e1gina\/12 Enrique Iriarte, de la Cooperativa 19 de Diciembre, una autopartista de Villa Ballester recuperada en 2002. Hace dos semanas, el Gobierno ofreci\u00f3 un registro p\u00fablico para que las recuperadas se inscriban para pagar en dos cuotas la factura de luz. Es un mecanismo de limitado alcance y que adem\u00e1s est\u00e1 mal implementado. \u201cEdenor no lo acepta y Edesur s\u00ed\u201d, cuenta Iriarte.<\/p>\n<p>\u201cCon el aumento de la luz recibimos un mazazo. De 14 mil pesos pasamos a 57 mil pesos. Toda la plata que us\u00e1bamos para comprar materiales ahora es para pagar los servicios. Nuestros retiros semanales bajaron un 50 por ciento. Sab\u00edamos que iba a venir un aumento, pero no tan desproporcionado\u201d, dijo Alicia P\u00e9rez, de la Cooperativa Unidos por el Calzado, recuperada en 2004, que present\u00f3 un amparo judicial.<\/p>\n<p>\u201cLa boleta de luz nos subi\u00f3 de 16 mil a 59 mil pesos mientras que la faena cay\u00f3 a la mitad porque la gente no compra carne. Estamos intentando sostener nuestros retiros y venimos utilizando un fondo que hab\u00edamos acumulado, pero eso tarde o temprano se va a acabar\u201d, dijo Orlando Acosta, del frigor\u00edfico recuperado Incob de Bah\u00eda Blanca.<\/p>\n<p>\u201cLos empresarios dejaron de vendernos cuero para enviarlo sin procesar a Brasil porque es m\u00e1s barato. El aumento de las tarifas nos dej\u00f3 afuera del mercado\u201d, se\u00f1al\u00f3 Jorge Loto, de la curtiembre Becas. En una planta la luz les subi\u00f3 de 6 mil a 30 mil pesos, mientras que en otro establecimiento, de 12 mil a 60 mil pesos.<\/p>\n<p><strong>La multisectorial<\/strong><br \/>\n\u201cEl Gobierno no tom\u00f3 nota de lo que est\u00e1 ocurriendo. La movilizaci\u00f3n es nuestra herramienta para frenar el tarifazo\u201d, comenz\u00f3 Federico Tonarelli, presidente de la Federaci\u00f3n Argentina de Cooperativas de Trabajadores Autogestionadas (Facta). \u201cHay que avanzar en una respuesta colectiva, con cautelares y en la calle\u201d, agreg\u00f3 Juan, de la Federaci\u00f3n Gr\u00e1fica Bonaerense. \u201cEl supuesto tope que puso el Gobierno es una burla\u201d, dijo Guillermo Parodi, de la CTA.<\/p>\n<p>Uno de los temas en danza fue la estrategia judicial. \u201cTenemos que pensar c\u00f3mo seguir la presentaci\u00f3n de los amparos, si de forma individual, colectivos o en grupos\u201d, plante\u00f3 el representante de Gr\u00e1fica Patricios. \u201cNosotros presentamos un recurso de amparo. Este golpe puede dejar a todo el sector fuera del mapa\u201d, indic\u00f3 Juan Sancha, de la cooperativa Decosur y dirigente de la CNCT.<\/p>\n<p>\u201cEl presidente nos toma el pelo. Dice que nos devuelve parte del aumento de la luz pero se olvida del gas y del agua. Nos quieren llevar puestos a todos\u201d, dijo Cristian Font, representante de los clubes de barrio. \u201cAdem\u00e1s, Macri dice que el nuevo valor puede aplicar desde abril pero se olvida de los meses anteriores. Es una verg\u00fcenza que el anuncio de hoy haya sido en un club de barrio\u201d, agreg\u00f3 Carlos Funes, presidente del Club Colegiales. Se manifest\u00f3 en la misma l\u00ednea Ariel Parodi, del club Flores Sur, y los representantes de Centros Culturales.<\/p>\n<p>Eduardo Fern\u00e1ndez, titular de Apyme, pidi\u00f3 una \u201cley de emergencia para que las tarifas vuelvan a foja cero\u201d. \u201cVayamos todos juntos para pelear por esto\u201d, dijo. Tambi\u00e9n particip\u00f3 Enrique V\u00e1zquez, de la C\u00e1mara de Comercios de Boedo. Desde el arco sindical, Walter Correa, secretario del gremio de obreros curtidores, advirti\u00f3 que \u201ctenemos que defendernos porque todos sabemos c\u00f3mo termina esta pel\u00edcula\u201d.<\/p>\n<p>Asistieron al encuentro los legisladores del FpV por la Ciudad Carlos Tomada, Jos\u00e9 Cruz Campagnoli, Paula Penacca y Pablo Ferreyra. \u201cEsto no es s\u00f3lo el tarifazo, el objetivo final son los salarios y el empleo\u201d, dijo Tomada. \u201cLa forma de parar este plan de ajuste es organiz\u00e1ndonos\u201d, agreg\u00f3 Campagnoli. Tambi\u00e9n particip\u00f3 Andr\u00e9s Ruggeri, del Centro de Documentaci\u00f3n de Empresas recuperadas que funciona en el programa Facultad Abierta en el marco de Filosof\u00eda y Letras (UBA).<\/p>\n<p>\u201cHemos perdido cientos de centros de jubilados que no pueden pagar la luz, y los topes que puso Macri son una burla. Nosotros los jubilados, sin la organizaci\u00f3n de las entidades de trabajadores, estamos listos, porque el Gobierno se propone adem\u00e1s quebrar el sistema jubilatorio argentino\u201d, indic\u00f3 Carlos Valle, presidente de la Confederaci\u00f3n General de Jubilados. \u201cEn este contexto aumentar los precios es un suicidio, por eso el tarifazo pega directamente al trabajador de la econom\u00eda social. Te invitan a cerrar\u201d, indic\u00f3 Leonardo Duva, presidente de Gestara, entidad que agrupa a los trabajadores autogestionados.<\/p>\n<h6>Fuente: P\u00e1gina 12<\/h6>\n","protected":false},"excerpt":{"rendered":"<p>Las organizaciones afectadas por la suba de tarifas de luz, gas y agua se reunieron y dejaron en claro que las medidas de \u201calivio\u201d son insuficientes. Continuar\u00e1n con las presentaciones judiciales y las protestas.<\/p>\n","protected":false},"author":2,"featured_media":49348,"comment_status":"closed","ping_status":"closed","sticky":false,"template":"","format":"standard","meta":{"footnotes":""},"categories":[8],"tags":[21],"class_list":["post-49347","post","type-post","status-publish","format-standard","has-post-thumbnail","hentry","category-informe-nacional","tag-argentina"],"_links":{"self":[{"href":"http:\/\/argentinamunicipal.com.ar\/argentina\/wp-json\/wp\/v2\/posts\/49347","targetHints":{"allow":["GET"]}}],"collection":[{"href":"http:\/\/argentinamunicipal.com.ar\/argentina\/wp-json\/wp\/v2\/posts"}],"about":[{"href":"http:\/\/argentinamunicipal.com.ar\/argentina\/wp-json\/wp\/v2\/types\/post"}],"author":[{"embeddable":true,"href":"http:\/\/argentinamunicipal.com.ar\/argentina\/wp-json\/wp\/v2\/users\/2"}],"replies":[{"embeddable":true,"href":"http:\/\/argentinamunicipal.com.ar\/argentina\/wp-json\/wp\/v2\/comments?post=49347"}],"version-history":[{"count":0,"href":"http:\/\/argentinamunicipal.com.ar\/argentina\/wp-json\/wp\/v2\/posts\/49347\/revisions"}],"wp:featuredmedia":[{"embeddable":true,"href":"http:\/\/argentinamunicipal.com.ar\/argentina\/wp-json\/wp\/v2\/media\/49348"}],"wp:attachment":[{"href":"http:\/\/argentinamunicipal.com.ar\/argentina\/wp-json\/wp\/v2\/media?parent=49347"}],"wp:term":[{"taxonomy":"category","embeddable":true,"href":"http:\/\/argentinamunicipal.com.ar\/argentina\/wp-json\/wp\/v2\/categories?post=49347"},{"taxonomy":"post_tag","embeddable":true,"href":"http:\/\/argentinamunicipal.com.ar\/argentina\/wp-json\/wp\/v2\/tags?post=49347"}],"curies":[{"name":"wp","href":"https:\/\/api.w.org\/{rel}","templated":true}]}}