{"id":49350,"date":"2016-06-07T07:36:15","date_gmt":"2016-06-07T10:36:15","guid":{"rendered":"http:\/\/argentinamunicipal.com.ar\/argentina\/?p=49350"},"modified":"2016-06-07T07:36:15","modified_gmt":"2016-06-07T10:36:15","slug":"moron-la-militarizacion-la-promesa-la-bandera","status":"publish","type":"post","link":"http:\/\/argentinamunicipal.com.ar\/argentina\/moron-la-militarizacion-la-promesa-la-bandera\/","title":{"rendered":"Mor\u00f3n: La militarizaci\u00f3n de la promesa a la bandera"},"content":{"rendered":"<p>Padres y docentes se quejaron porque la intendencia decidi\u00f3 cambiar la celebraci\u00f3n que se hac\u00eda en plazas.El lugar fue un centro clandestino pero no fue se\u00f1alizado.<\/p>\n<p>La Base A\u00e9rea Militar de Mor\u00f3n funcion\u00f3 durante la dictadura como centro clandestino de detenci\u00f3n ilegal y entre 1977 y 1979 fue cabecera de la subzona 16, de la que dependi\u00f3 la represi\u00f3n sobre el circuito oeste del territorio bonaerense. Su funcionamiento fue denunciado como CCD ya en 1984, durante el trabajo de la Conadep. La gobernadora Mar\u00eda Eugenia Vidal prepara su mudanza a una casa de esa Base, pero al parecer no ser\u00e1 el \u00fanico destino. Su ex esposo e intendente de Mor\u00f3n, Ramiro Tagliaferro, envi\u00f3 un carta a establecimientos escolares del distrito en la que anuncia que all\u00ed se realizar\u00e1 el pr\u00f3ximo 22 de junio el acto de promesa de la bandera de los ni\u00f1os y ni\u00f1as de las escuelas del distrito. Este reingreso a un espacio que es s\u00edmbolo de la ocupaci\u00f3n militar en la zona y a la vez es pensado en clave de \u201cprotecci\u00f3n militar\u201d para los civiles, como sucedi\u00f3 entre los sectores medios previos a la dictadura \u2013tal como lo plantea la ex directora del Centro Ulloa Fabiana Rousseaux\u2013 es por estas horas duramente criticado por los educadores nucleados en Suteba y los organismos de derechos humanos locales. El bloque de concejales del Frente para la Victoria pidi\u00f3 la \u201crevisi\u00f3n\u201d de la medida.<\/p>\n<p>\u201cNo a la promesa a la bandera de ni\u00f1os de cuarto grado de Mor\u00f3n en un ex centro clandestino de detenci\u00f3n\u201d, dice un afiche de H.I.J.O.S. La noticia se conoci\u00f3 la semana pasada, cuando el comunicado de la municipalidad comenz\u00f3 a llegar a las casas. Enseguida fue cuestionada por la Asociaci\u00f3n Ser\u00e9 por la Memoria y la Vida, por HIJOS La Matanza y el bloque de concejales del Frente para la Victoria de Mor\u00f3n, que present\u00f3 un proyecto de repudio. \u201cNo existe ninguna duda de que la Base A\u00e9rea de Mor\u00f3n fue un centro clandestino, consideramos inapropiado que la promesa a la bandera que realizan los ni\u00f1os en su cuarto grado de escuela se realice en una instituci\u00f3n militar\u201d, dice el proyecto firmado por Mar\u00eda Cristina Rodr\u00edguez y Hern\u00e1n Sabbatella en el que piden al intendente que \u201crevea\u201d la localizaci\u00f3n de ese acto.<\/p>\n<p>Desde Suteba plantearon su \u201cenorme preocupaci\u00f3n por el camino que ha elegido la actual gesti\u00f3n municipal en Mor\u00f3n para tomar la decisi\u00f3n del espacio f\u00edsico geogr\u00e1fico en nuestro distrito para la realizaci\u00f3n de este acto\u201d. Los docentes explicaron en un comunicado que la decisi\u00f3n fue tomada por el gobierno local \u201csin consulta ni di\u00e1logo, ni contraposici\u00f3n de distintas propuestas\u201d. Aclararon que no hubo argumentos, ni b\u00fasqueda de consensos y se tom\u00f3 \u201ca puertas cerradas para simplemente comunicar a la comunidad la decisi\u00f3n tomada\u201d. En ese escenario, manifestaron su \u201crepudio a la pr\u00f3xima realizaci\u00f3n de dicho acto\u201d en un \u201cespacio que fuera centro de detenci\u00f3n, exterminio, tortura y muerte, en el marco del terrorismo de estado implementado por la \u00faltima dictadura c\u00edvico-militar\u201d porque entienden que es un \u201clugar manchado con la sangre\u201d sobre \u201cel cual todav\u00eda no ha habido debido proceso para esclarecer aquellos hechos, no puede ser el lugar m\u00e1s apropiado para convocar a la comunidad educativa para celebrar una fecha patria, que pertenece al pueblo, a sus trabajadores y a sus futuras generaciones\u201d.<\/p>\n<p>El acto se har\u00eda si no llueve, seg\u00fan la invitaci\u00f3n, el 22 de junio a las 13.30. La carta a las escuelas explica la organizaci\u00f3n de los micros. Y advierte que si hay mal tiempo la promesa se har\u00e1 m\u00e1s tarde. Desde 2003, mientras la localidad estuvo gestionada por Nuevo Encuentro, esos actos dejaron de hacerse a puertas cerradas, dentro de las escuelas, para recuperar los espacios p\u00fablicos. Hasta el a\u00f1o pasado, cuando el acto se hizo en el estadio del Club Mor\u00f3n, las promesas se hicieron en la plaza San Mart\u00edn, ubicada en el centro de la localidad, en un celebraci\u00f3n de la que participaron m\u00fasicos como Teresa Parodi. El tono de fiesta popular buscaba establecer nuevos v\u00ednculos con la idea de lo nacional, la bandera y la democracia, explicaron a este diario desde ese espacio. Ahora, el nuevo gobierno decidi\u00f3 hacer un repliegue.<\/p>\n<p>Seg\u00fan voceros de Tagliaferro, la opci\u00f3n de la plaza central no les pareci\u00f3 adecuada porque se trata de una celebraci\u00f3n de cinco mil ni\u00f1os. Explicaron que ese movimiento les plantea \u201cun dilema\u201d por la seguridad, el traslado de micros y los padres que quieren hacer fotos. \u201cLa Base de Mor\u00f3n y del Palomar \u2013explican\u2013 son los dos \u00fanicos pulmones verdes que tiene el municipio. Y la pista de la Base de Mor\u00f3n nos daba esta posibilidad de hacer el acto, porque adem\u00e1s tiene el cemento que es m\u00e1s protector que el pasto que en esta \u00e9poca da mucho fr\u00edo.\u201d<\/p>\n<p>En uno de sus p\u00e1rrafos, el comunicado de Suteba tambi\u00e9n da una respuesta a este falso dilema. La celebraci\u00f3n, dice, \u201cse ha vuelto parte de la importante tradici\u00f3n democr\u00e1tica del pueblo moronense\u201d. Concurren los alumnos, maestras, personal directivo de las escuelas, padres, amigos \u201cpero tambi\u00e9n representantes de las Fuerzas Armadas de la democracia\u201d. Ese acto es para los docentes \u201cuna comuni\u00f3n de profundo valor democr\u00e1tico, a la Promesa de Lealtad a la Bandera Nacional que realizan esos alumnos y alumnas en esta fecha\u201d. Es en este juego de contrastes donde este acto pone en escena los s\u00edmbolos de la construcci\u00f3n democr\u00e1tica. \u201cCuando el espacio sobre el que se hace esa celebraci\u00f3n es un s\u00edmbolo de la actuaci\u00f3n de las Fuerzas Armadas durante la dictadura, en bruto, dice Fabiana Rousseaux, la promesa a la bandera cambia de encuadre. \u201cLa se\u00f1alizaci\u00f3n de estos espacios no son hechos cualquiera \u2013dice\u2013 porque est\u00e1n diciendo que los recupera la sociedad civil poniendo una marca nueva, tom\u00e1ndolo como un sitio donde se va a hacer conmemoraciones y ubicar lo ocurrido ah\u00ed. Un lugar como \u00e9ste, que no se se\u00f1aliz\u00f3 o que a\u00fan esta en \u2018crudo\u2019 como sitio del horror y no de memoria, donde la gobernadora va a ir vivir como para \u2018protegerse\u2019 en clave de \u2018seguridad\u2019, creo que no es un dato menor porque ubica a la cuesti\u00f3n en la confrontaci\u00f3n de la sociedad civil y los militares mostrando a ese universo militar como un espacio donde ella se va a sentir protegida. Otra vez aparece la \u2018protecci\u00f3n militar\u2019 en el medio, que es lo m\u00e1s complejo de todo esto. Es un tema adem\u00e1s vinculado a las clases altas con el imaginario de las Fuerzas Armadas.\u201d<\/p>\n<h6>Fuente: P\u00e1gina 12<\/h6>\n","protected":false},"excerpt":{"rendered":"<p>Padres y docentes se quejaron porque la intendencia decidi\u00f3 cambiar la celebraci\u00f3n que se hac\u00eda en plazas.El lugar fue un centro clandestino pero no fue se\u00f1alizado.<\/p>\n","protected":false},"author":2,"featured_media":49351,"comment_status":"closed","ping_status":"closed","sticky":false,"template":"","format":"standard","meta":{"footnotes":""},"categories":[2],"tags":[12],"class_list":["post-49350","post","type-post","status-publish","format-standard","has-post-thumbnail","hentry","category-informe-municipal","tag-buenos-aires"],"_links":{"self":[{"href":"http:\/\/argentinamunicipal.com.ar\/argentina\/wp-json\/wp\/v2\/posts\/49350","targetHints":{"allow":["GET"]}}],"collection":[{"href":"http:\/\/argentinamunicipal.com.ar\/argentina\/wp-json\/wp\/v2\/posts"}],"about":[{"href":"http:\/\/argentinamunicipal.com.ar\/argentina\/wp-json\/wp\/v2\/types\/post"}],"author":[{"embeddable":true,"href":"http:\/\/argentinamunicipal.com.ar\/argentina\/wp-json\/wp\/v2\/users\/2"}],"replies":[{"embeddable":true,"href":"http:\/\/argentinamunicipal.com.ar\/argentina\/wp-json\/wp\/v2\/comments?post=49350"}],"version-history":[{"count":0,"href":"http:\/\/argentinamunicipal.com.ar\/argentina\/wp-json\/wp\/v2\/posts\/49350\/revisions"}],"wp:featuredmedia":[{"embeddable":true,"href":"http:\/\/argentinamunicipal.com.ar\/argentina\/wp-json\/wp\/v2\/media\/49351"}],"wp:attachment":[{"href":"http:\/\/argentinamunicipal.com.ar\/argentina\/wp-json\/wp\/v2\/media?parent=49350"}],"wp:term":[{"taxonomy":"category","embeddable":true,"href":"http:\/\/argentinamunicipal.com.ar\/argentina\/wp-json\/wp\/v2\/categories?post=49350"},{"taxonomy":"post_tag","embeddable":true,"href":"http:\/\/argentinamunicipal.com.ar\/argentina\/wp-json\/wp\/v2\/tags?post=49350"}],"curies":[{"name":"wp","href":"https:\/\/api.w.org\/{rel}","templated":true}]}}