{"id":49362,"date":"2016-06-07T07:53:09","date_gmt":"2016-06-07T10:53:09","guid":{"rendered":"http:\/\/argentinamunicipal.com.ar\/argentina\/?p=49362"},"modified":"2016-06-07T07:53:09","modified_gmt":"2016-06-07T10:53:09","slug":"san-martin-los-andes-ciudad-amiga-los-ninos","status":"publish","type":"post","link":"http:\/\/argentinamunicipal.com.ar\/argentina\/san-martin-los-andes-ciudad-amiga-los-ninos\/","title":{"rendered":"San Mart\u00edn de los Andes es \u201cciudad amiga de los ni\u00f1os\u201d"},"content":{"rendered":"<p>Es parte de una red que busca escuchar a los ni\u00f1os y sus necesidades, trabajar pol\u00edticas de Estado en esa sinton\u00eda y promover una mejor calidad de vida.<\/p>\n<p>Esta localidad fue aceptada como integrante de la \u201cRed Latinoamericana de Ciudades Amigas de los Ni\u00f1os\u201d, lo que la convierte en la primera de la Patagonia en obtener esa distinci\u00f3n, a partir del trabajo que realizan el Consejo de la Comunidad para la Ni\u00f1ez, Adolescencia y Familia, y los Consejos de Ni\u00f1as y Ni\u00f1os Ciudadanos.<\/p>\n<p>La iniciativa local, que lleva unos tres a\u00f1os de desarrollo, incluy\u00f3 capacitaciones y un encuentro de los coordinadores con el pedagogo italiano Francesco Tonucci en Buenos Aires. Tonucci es el creador del concepto \u201cCiudades de los Ni\u00f1os\u201d, como entornos dispuestos a escuchar las demandas y necesidades de la infancia de boca de sus propios protagonistas, para contribuir al mejoramiento general de la calidad de vida.<\/p>\n<p>Fue avalada por el Concejo Deliberante, que aprob\u00f3 una ordenanza a mediados de noviembre del a\u00f1o pasado para dar marco a estos consejos, bajo el cuidado del Consejo de la Comunidad para la Ni\u00f1ez, Adolescencia y Familia.<\/p>\n<p>Otro paso necesario para ser parte de esta red continental era la conformidad del Poder Ejecutivo, por lo que meses atr\u00e1s se realiz\u00f3 una reuni\u00f3n con la intendenta Brunilda Rebolledo, quien firm\u00f3 la adhesi\u00f3n del municipio a la red latinoamericana.<\/p>\n<p><strong>Solicitud aceptada<\/strong><\/p>\n<p>D\u00edas atr\u00e1s, los coordinadores de los Consejos de Ni\u00f1os y Ni\u00f1as, Br\u00edgida Vilari\u00f1o y Horacio Margenat, recibieron el llamado que confirm\u00f3 la aceptaci\u00f3n de la solicitud, por lo que San Mart\u00edn de los Andes pas\u00f3 a ser integrante de la \u201cRed Latinoamericana de Ciudades Amigas de los Ni\u00f1os\u201d.<\/p>\n<p>Se trata de la primera localidad en la Patagonia, que se suma as\u00ed al proyecto internacional y forma parte de la Red Latinoamericana entre otras 60 ciudades de Brasil, Chile, Colombia, Argentina, Paraguay, Per\u00fa y Uruguay.<\/p>\n<p>Como se apunt\u00f3, el proyecto de generar \u201cCiudades de los Ni\u00f1os\u201d surgi\u00f3 en Italia de la mano del pedagogo Tonucci, y busca revalorizar el lugar de los chicos en la sociedad, recuperando el espacio p\u00fablico y los sentidos de pertenencia a la ciudad.<\/p>\n<p>La adhesi\u00f3n a la red latinoamericana del proyecto \u201cLa ciudad de los ni\u00f1os\u201d, implica pensar un plan educativo y pol\u00edtico que considere a las ciudades como espacios aptos para el bienestar de los chicos, dise\u00f1ando medidas que propicien el juego infantil y la socializaci\u00f3n, la recuperaci\u00f3n hist\u00f3rica de los barrios y un nuevo v\u00ednculo intergeneracional entre adultos y ni\u00f1os.<\/p>\n<p>El plan pedag\u00f3gico sostiene en sus bases que la capacidad de interpretaci\u00f3n de los ni\u00f1os y ni\u00f1as sobre sus diversas realidades urbanas puede contribuir enormemente al cambio positivo de ciudades y regiones, sirviendo al mejoramiento en la calidad de vida de todos los habitantes.<\/p>\n<p>\u201cSe potencia el proyecto al poder trabajar de manera articulada con otros consejos de ni\u00f1as y ni\u00f1os, al conocer sus proyectos y trabajar juntos\u201d, dijo Vilari\u00f1o.<\/p>\n<p><strong>Postulados de la red de Francesco Tonucci<\/strong><br \/>\n\u201cEste proyecto demandar\u00e1 de todos una responsabilidad muy grande con los ni\u00f1os.<br \/>\n\u201cNormalmente los administradores pol\u00edticos est\u00e1n con los adultos, porque son ellos quienes los votan. Hoy elegimos estar con los ni\u00f1os, aceptar sus conflictos pensando en el futuro frente a los desastres que en todo el planeta estamos produciendo\u201d.<\/p>\n<h6>Fuente: R\u00edo Negro<\/h6>\n","protected":false},"excerpt":{"rendered":"<p>Es parte de una red que busca escuchar a los ni\u00f1os y sus necesidades, trabajar pol\u00edticas de Estado en esa sinton\u00eda y promover una mejor calidad de vida.<\/p>\n","protected":false},"author":2,"featured_media":49363,"comment_status":"closed","ping_status":"closed","sticky":false,"template":"","format":"standard","meta":{"footnotes":""},"categories":[2],"tags":[23],"class_list":["post-49362","post","type-post","status-publish","format-standard","has-post-thumbnail","hentry","category-informe-municipal","tag-neuquen"],"_links":{"self":[{"href":"http:\/\/argentinamunicipal.com.ar\/argentina\/wp-json\/wp\/v2\/posts\/49362","targetHints":{"allow":["GET"]}}],"collection":[{"href":"http:\/\/argentinamunicipal.com.ar\/argentina\/wp-json\/wp\/v2\/posts"}],"about":[{"href":"http:\/\/argentinamunicipal.com.ar\/argentina\/wp-json\/wp\/v2\/types\/post"}],"author":[{"embeddable":true,"href":"http:\/\/argentinamunicipal.com.ar\/argentina\/wp-json\/wp\/v2\/users\/2"}],"replies":[{"embeddable":true,"href":"http:\/\/argentinamunicipal.com.ar\/argentina\/wp-json\/wp\/v2\/comments?post=49362"}],"version-history":[{"count":0,"href":"http:\/\/argentinamunicipal.com.ar\/argentina\/wp-json\/wp\/v2\/posts\/49362\/revisions"}],"wp:featuredmedia":[{"embeddable":true,"href":"http:\/\/argentinamunicipal.com.ar\/argentina\/wp-json\/wp\/v2\/media\/49363"}],"wp:attachment":[{"href":"http:\/\/argentinamunicipal.com.ar\/argentina\/wp-json\/wp\/v2\/media?parent=49362"}],"wp:term":[{"taxonomy":"category","embeddable":true,"href":"http:\/\/argentinamunicipal.com.ar\/argentina\/wp-json\/wp\/v2\/categories?post=49362"},{"taxonomy":"post_tag","embeddable":true,"href":"http:\/\/argentinamunicipal.com.ar\/argentina\/wp-json\/wp\/v2\/tags?post=49362"}],"curies":[{"name":"wp","href":"https:\/\/api.w.org\/{rel}","templated":true}]}}