{"id":49371,"date":"2016-06-07T08:03:40","date_gmt":"2016-06-07T11:03:40","guid":{"rendered":"http:\/\/argentinamunicipal.com.ar\/argentina\/?p=49371"},"modified":"2016-06-07T08:03:40","modified_gmt":"2016-06-07T11:03:40","slug":"otorgan-creditos-blandos-los-huerteros-urbanos-rosario","status":"publish","type":"post","link":"http:\/\/argentinamunicipal.com.ar\/argentina\/otorgan-creditos-blandos-los-huerteros-urbanos-rosario\/","title":{"rendered":"Otorgan cr\u00e9ditos blandos a los huerteros urbanos de Rosario"},"content":{"rendered":"<p>Desarrollo Social de la provincia entreg\u00f3 $187.000 a unas 350 familias que trabajan en los cinco parques huertas agroecol\u00f3gicos.<\/p>\n<p>Los huerteros urbanos que trabajan en Rosario, cuya producci\u00f3n qued\u00f3 paralizada durante abril y mayo como consecuencia de las lluvias, recibieron ayer un cr\u00e9dito blando a devolver a partir de enero pr\u00f3ximo por parte del Ministerio de Desarrollo Social de la provincia (gestionado a trav\u00e9s de la Municipalidad desde la Secretar\u00eda de Econom\u00eda Social), como un primer paso para empezar a recomponer su delicada situaci\u00f3n econ\u00f3mica.<\/p>\n<p>Se trata de unas 350 familias aproximadamente que trabajan en las 24 hect\u00e1reas que conforman los cinco parques huertas agroecol\u00f3gicos que tiene la ciudad (Tablada, Molino Blanco, Hogar Espa\u00f1ol, del Bosque y La Rosarina Linda) y que se perdieron el inicio de la temporada de oto\u00f1o por el mal clima, lo que deriv\u00f3 en tres siembras malogradas y en un retraso muy considerable de todo el circuito, con p\u00e9rdidas casi totales en al menos el 80 por ciento de los terrenos.<\/p>\n<p>En total, el monto acordado es de 187 mil pesos a dividir entre los 5 parques huerta de manera proporcional a su tama\u00f1o.<\/p>\n<p>Seg\u00fan las referentes de La Tablada, el Bosque y Molino Blanco cada familia recibir\u00e1 alrededor de 6.500 pesos, una cifra que se queda corta si se tiene en cuenta que cada huertero perdi\u00f3 unos 15 mil pesos por mes, pero que al menos ayuda a saldar deudas y a invertir en semillas, alambrados y postes para retomar las labores de producci\u00f3n.<\/p>\n<p>\u00abTuvimos un verano dur\u00edsimo con temperaturas r\u00e9cord y despu\u00e9s un mes y medio de lluvia, las p\u00e9rdidas fueron totales. Sembramos tres veces, y las tres veces se perdi\u00f3 todo\u00bb, cont\u00f3 Roberta Valencia, de la huerta El Bosque (Sorrento al 6100).<\/p>\n<p>El clima oblig\u00f3 a los huerteros a empezar la temporada muy tarde, con un mes de mayo que fue el m\u00e1s fresco de los \u00faltimos 50 a\u00f1os y un mes de junio tambi\u00e9n muy fr\u00edo. A\u00fan as\u00ed, ya est\u00e1n trabajando con r\u00facula, zanahoria, rabanito, acelga, repollo y espinaca.<\/p>\n<p>Si bien el Inta y la Municipalidad rosarina les entregan semillas y algunas herramientas, al ser producciones agroecol\u00f3gicas (que no utilizan agroqu\u00edmicos) muchas veces reutilizan sus propias semillas, un circuito que tambi\u00e9n se cort\u00f3 al no haber podido ni siquiera ingresar a las huertas durante casi 60 d\u00edas.<\/p>\n<p>La intendenta M\u00f3nica Fein, quien particip\u00f3 del acto, resalt\u00f3 que la ciudad padece los rigores del cambio clim\u00e1tico, que en esta ocasi\u00f3n se manifest\u00f3 con lluvias m\u00e1s intensas que las habituales.<\/p>\n<p>\u00abEsto sirve para decir que estamos ac\u00e1, que los acompa\u00f1amos, pero sabemos que la peor parte les toca a ustedes\u00bb, se sincer\u00f3 Fein, quien destac\u00f3 el trabajo de la secretar\u00eda de Econom\u00eda Social comandada por Nicol\u00e1s Gianelloni, as\u00ed como el apoyo recibido por la provincia.<\/p>\n<p>Yda Pintos, de Molino Blanco, destac\u00f3 el trabajo de los huerteros: \u00abEstamos convencidos de nuestro espacio, hace desde el a\u00f1o 2001 que estamos luchando y no vamos a parar ahora. Tenemos capacidades y queremos mejorar nuestros grupos familiares con m\u00e1s trabajo y capacitaci\u00f3n\u00bb, dijo, para agregar: \u00abEl trabajo del huertero es importante: cuidamos el medio ambiente y cuidamos la tierra, y no cualquiera cuida la tierra\u00bb.<\/p>\n<p>La situaci\u00f3n de los huerteros es compleja no s\u00f3lo por el clima, si no tambi\u00e9n porque como el resto de los sectores sociales rosarinos padecen hechos delictivos de manera cotidiana que se traducen en el robo de verdura, alambres, mangueras, postes, pl\u00e1sticos y todo lo que pueda llevarse.<\/p>\n<p>\u00abEs dif\u00edcil, pero nos gusta lo que hacemos. Por eso seguimos\u00bb, dijeron casi a coro todas las referentes de las huertas urbanas.<\/p>\n<p><strong>Locro solidario<\/strong><\/p>\n<p>Despu\u00e9s de suspenderse dos semanas consecutivas por mal clima, el s\u00e1bado los huerteros de Molino Blanco organizan un gran locro para recaudar fondos y mostrar a la comunidad el trabajo productivo que all\u00ed se realiza. Habr\u00e1 locro, pan casero, variedad de ensaladas y aguas saborizadas. Hay que llevar vajilla. Informes al 152607572.<\/p>\n<h6>Fuente: La Capital Rosario<\/h6>\n","protected":false},"excerpt":{"rendered":"<p>Desarrollo Social de la provincia entreg\u00f3 $187.000 a unas 350 familias que trabajan en los cinco parques huertas agroecol\u00f3gicos.<\/p>\n","protected":false},"author":2,"featured_media":49372,"comment_status":"closed","ping_status":"closed","sticky":false,"template":"","format":"standard","meta":{"footnotes":""},"categories":[2],"tags":[10],"class_list":["post-49371","post","type-post","status-publish","format-standard","has-post-thumbnail","hentry","category-informe-municipal","tag-santa-fe"],"_links":{"self":[{"href":"http:\/\/argentinamunicipal.com.ar\/argentina\/wp-json\/wp\/v2\/posts\/49371","targetHints":{"allow":["GET"]}}],"collection":[{"href":"http:\/\/argentinamunicipal.com.ar\/argentina\/wp-json\/wp\/v2\/posts"}],"about":[{"href":"http:\/\/argentinamunicipal.com.ar\/argentina\/wp-json\/wp\/v2\/types\/post"}],"author":[{"embeddable":true,"href":"http:\/\/argentinamunicipal.com.ar\/argentina\/wp-json\/wp\/v2\/users\/2"}],"replies":[{"embeddable":true,"href":"http:\/\/argentinamunicipal.com.ar\/argentina\/wp-json\/wp\/v2\/comments?post=49371"}],"version-history":[{"count":0,"href":"http:\/\/argentinamunicipal.com.ar\/argentina\/wp-json\/wp\/v2\/posts\/49371\/revisions"}],"wp:featuredmedia":[{"embeddable":true,"href":"http:\/\/argentinamunicipal.com.ar\/argentina\/wp-json\/wp\/v2\/media\/49372"}],"wp:attachment":[{"href":"http:\/\/argentinamunicipal.com.ar\/argentina\/wp-json\/wp\/v2\/media?parent=49371"}],"wp:term":[{"taxonomy":"category","embeddable":true,"href":"http:\/\/argentinamunicipal.com.ar\/argentina\/wp-json\/wp\/v2\/categories?post=49371"},{"taxonomy":"post_tag","embeddable":true,"href":"http:\/\/argentinamunicipal.com.ar\/argentina\/wp-json\/wp\/v2\/tags?post=49371"}],"curies":[{"name":"wp","href":"https:\/\/api.w.org\/{rel}","templated":true}]}}