{"id":49414,"date":"2016-06-08T07:09:36","date_gmt":"2016-06-08T10:09:36","guid":{"rendered":"http:\/\/argentinamunicipal.com.ar\/argentina\/?p=49414"},"modified":"2016-06-08T07:09:36","modified_gmt":"2016-06-08T10:09:36","slug":"alumnos-prometeran-lealtad-la-bandera-rosario","status":"publish","type":"post","link":"http:\/\/argentinamunicipal.com.ar\/argentina\/alumnos-prometeran-lealtad-la-bandera-rosario\/","title":{"rendered":"Alumnos prometer\u00e1n lealtad a la Bandera en Rosario"},"content":{"rendered":"<p>En el marco de las celebraciones previstas por el D\u00eda de la Bandera, Rosario ser\u00e1 escenario de las jornadas de promesa de lealtad a la Bandera, protagonizadas por alumnos provenientes de distintas provincias argentinas.<\/p>\n<p>Por eso hoy, desde las 10, se dar\u00e1 lugar a la apertura de la tradicional ceremonia que este a\u00f1o reunir\u00e1 en el Monumento Nacional a la Bandera a m\u00e1s de 36 mil chicos de todo el pa\u00eds para expresar su lealtad con la ense\u00f1a patria y su compromiso con la democracia.<\/p>\n<p>En estas jornadas, que se desarrollar\u00e1n hasta el 17 de junio, alumnas y alumnos reafirman, en un acto cargado de emotividad, los valores de solidaridad, igualdad y libertad que representa nuestra bandera, m\u00e1ximo s\u00edmbolo de uni\u00f3n y fraternidad.<\/p>\n<p>La promesa se realiza cada mes de junio y se extiende durante agosto y septiembre con una jornada m\u00e1s acotada en la Galer\u00eda de las Banderas.<\/p>\n<h6>Fuente: La Capital Rosario<\/h6>\n","protected":false},"excerpt":{"rendered":"<p>En el marco de las celebraciones previstas por el D\u00eda de la Bandera, Rosario ser\u00e1 escenario de las jornadas de promesa de lealtad a la Bandera, protagonizadas por alumnos provenientes de distintas provincias argentinas.<\/p>\n","protected":false},"author":2,"featured_media":49415,"comment_status":"closed","ping_status":"closed","sticky":false,"template":"","format":"standard","meta":{"footnotes":""},"categories":[2],"tags":[10],"class_list":["post-49414","post","type-post","status-publish","format-standard","has-post-thumbnail","hentry","category-informe-municipal","tag-santa-fe"],"_links":{"self":[{"href":"http:\/\/argentinamunicipal.com.ar\/argentina\/wp-json\/wp\/v2\/posts\/49414","targetHints":{"allow":["GET"]}}],"collection":[{"href":"http:\/\/argentinamunicipal.com.ar\/argentina\/wp-json\/wp\/v2\/posts"}],"about":[{"href":"http:\/\/argentinamunicipal.com.ar\/argentina\/wp-json\/wp\/v2\/types\/post"}],"author":[{"embeddable":true,"href":"http:\/\/argentinamunicipal.com.ar\/argentina\/wp-json\/wp\/v2\/users\/2"}],"replies":[{"embeddable":true,"href":"http:\/\/argentinamunicipal.com.ar\/argentina\/wp-json\/wp\/v2\/comments?post=49414"}],"version-history":[{"count":0,"href":"http:\/\/argentinamunicipal.com.ar\/argentina\/wp-json\/wp\/v2\/posts\/49414\/revisions"}],"wp:featuredmedia":[{"embeddable":true,"href":"http:\/\/argentinamunicipal.com.ar\/argentina\/wp-json\/wp\/v2\/media\/49415"}],"wp:attachment":[{"href":"http:\/\/argentinamunicipal.com.ar\/argentina\/wp-json\/wp\/v2\/media?parent=49414"}],"wp:term":[{"taxonomy":"category","embeddable":true,"href":"http:\/\/argentinamunicipal.com.ar\/argentina\/wp-json\/wp\/v2\/categories?post=49414"},{"taxonomy":"post_tag","embeddable":true,"href":"http:\/\/argentinamunicipal.com.ar\/argentina\/wp-json\/wp\/v2\/tags?post=49414"}],"curies":[{"name":"wp","href":"https:\/\/api.w.org\/{rel}","templated":true}]}}