{"id":49417,"date":"2016-06-08T04:10:50","date_gmt":"2016-06-08T07:10:50","guid":{"rendered":"http:\/\/argentinamunicipal.com.ar\/argentina\/?p=49417"},"modified":"2016-06-08T07:13:29","modified_gmt":"2016-06-08T10:13:29","slug":"venado-tuerto-registro-notable-incremento-la-ayuda-social","status":"publish","type":"post","link":"http:\/\/argentinamunicipal.com.ar\/argentina\/venado-tuerto-registro-notable-incremento-la-ayuda-social\/","title":{"rendered":"Venado Tuerto registr\u00f3 un notable incremento de la ayuda social"},"content":{"rendered":"<p>El municipio advirti\u00f3 sobre el aumento de ciudadanos que acuden en busca de ayuda. Se resinti\u00f3 la actividad econ\u00f3mica.<\/p>\n<p>El intendente Jos\u00e9 Freyre habl\u00f3 de un \u00abamesetamiento\u00bb de la actividad, y grafic\u00f3 que el municipio \u00abest\u00e1 con luces amarillas\u00bb por el cuadro de situaci\u00f3n.<\/p>\n<p>La Municipalidad de Venado Tuerto alert\u00f3 por el notorio incremento de la demanda social como consecuencia de la devaluaci\u00f3n de la moneda, la inflaci\u00f3n, la escalada de precios y los tarifazos energ\u00e9ticos. Cada d\u00eda son mayores los requerimientos de mucha gente que no alcanza a llegar a fin de mes y acude al municipio en busca de ayuda. Ser\u00e1n claves los roles del Consejo Consultivo Social y del Observatorio Laboral (ver aparte).<\/p>\n<p>La actividad econ\u00f3mica en Venado Tuerto se ha resentido en los \u00faltimos meses \u2014en sinton\u00eda con el escenario nacional\u2014 y eso obliga a monitorear muy de cerca la respuesta recaudatoria de aquellos tributos que, en particular, marcan el pulso de vastos sectores del comercio y la industria.<\/p>\n<p>En paralelo a los cimbronazos que pueden repercutir en el a\u00f1o fiscal, se observa una mayor demanda de ayuda social y una necesidad de reinserci\u00f3n de los cuentapropistas en el segmento del trabajo menos formal.<\/p>\n<p>El intendente Jos\u00e9 Freyre habl\u00f3 de un \u00abamesetamiento\u00bb de la actividad, y grafic\u00f3 que el municipio \u00abest\u00e1 con luces amarillas\u00bb por el cuadro de situaci\u00f3n. No obstante, aclar\u00f3 que \u00abno hubo pedidos masivos de bajas\u00bb de habilitaciones comerciales, excepto casos espec\u00edficos, y detall\u00f3 que \u00ablos comercios, chicos o medianos, expresan una realidad que hay que seguir muy de cerca por la relaci\u00f3n asim\u00e9trica entre el nivel de ingresos y el incremento de los gastos fijos\u00bb.<\/p>\n<p>Costos fijos. \u00abLa Municipalidad no escapa a la realidad del aumento de costos fijos, combustible, hormig\u00f3n y los principales insumos. Al igual que los salarios. Nosotros celebramos la paritaria y vemos fant\u00e1stica la jerarquizaci\u00f3n de nuestros trabajadores, pero hay que contemplar que esos costos fijos no son proporcionales a los ingresos\u00bb, especific\u00f3. Sobre el mercado laboral vinculado al cuentapropismo, Freyre not\u00f3 que \u00abmuchas personas buscan trabajo o, teni\u00e9ndolo, procura generar alg\u00fan ingreso m\u00e1s\u00bb.<\/p>\n<p>\u00abHemos tenido en los \u00faltimos meses gran demanda de pedidos de trabajo. En cuanto a los semilleros, la situaci\u00f3n es dispar. Algunos est\u00e1n en pos de crecimiento y otros de reducci\u00f3n\u00bb, sostuvo el intendente respecto de una actividad emblema de la regi\u00f3n que permite, \u00absobre todo a muchas mujeres, tirar durante el a\u00f1o\u00bb con la labor en una temporada.<\/p>\n<p>El avance del Observatorio Laboral, que cobrar\u00e1 br\u00edos tras el convenio celebrado esta semana con el Instituto Cat\u00f3lico de Educaci\u00f3n Superior, posibilitar\u00e1 contar con indicadores certeros sobre la actividad y el empleo.<\/p>\n<p>A su vez, el relanzamiento del Consejo Consultivo Social fortalecer\u00e1 (esas al menos son las expectativas oficiales) las pol\u00edticas de contenci\u00f3n, en articulaci\u00f3n con un amplio espectro de instituciones sociales. Y se fortalecer\u00e1n los planes de capacitaci\u00f3n e inserci\u00f3n laboral, con la meta de \u00abcuidar el trabajo de los venadenses\u00bb.<\/p>\n<p>\u00abHa aumentado la demanda de familias vulnerables, en particular de alimentos, que antes no se ve\u00eda. Y en esta \u00e9poca del a\u00f1o tambi\u00e9n hay que superar la situaci\u00f3n que genera el fr\u00edo\u00bb, describi\u00f3 el intendente.<\/p>\n<p>Tarifazos. Adem\u00e1s, el municipio de Venado Tuerto, a trav\u00e9s de la Oficina Municipal de Informaci\u00f3n al Consumidor (Omic), recibe y da curso a distintos reclamos vinculados con la tarifa del servicio de gas, en funci\u00f3n de los incrementos resultantes del nuevo esquema planteado por el gobierno nacional, que fija topes del 500 por ciento para empresas y de 400 por ciento para usuarios residenciales.<\/p>\n<p>El secretario de Desarrollo Productivo e Innovaci\u00f3n de la Municipalidad, Dar\u00edo Mascioli, coment\u00f3 que \u00abestamos recibiendo una gran preocupaci\u00f3n de usuarios y vecinos, como tambi\u00e9n de sectores empresariales y otros, porque todos ellos necesitan del insumo gas\u00edfero\u00bb.<\/p>\n<p>El funcionario acot\u00f3 que las quejas se canalizan mediante la Omic y en paralelo se coordinan actuaciones con el Ministerio de la Producci\u00f3n provincial \u2014a cargo del poder de polic\u00eda\u2014 y la delegaci\u00f3n local de la Defensor\u00eda del Pueblo de Santa Fe; sin descartar cualquier acci\u00f3n que pueda impulsar el propio municipio \u00aben el marco de la competencia que fija la ley, para poder llevar a los usuarios un accionar concreto, siguiendo el ejemplo de otras provincias\u00bb, en referencia a planteos individuales o grupales.<\/p>\n<p>Fuente: La capital Rosario<\/p>\n","protected":false},"excerpt":{"rendered":"<p>El municipio advirti\u00f3 sobre el aumento de ciudadanos que acuden en busca de ayuda. Se resinti\u00f3 la actividad econ\u00f3mica.<\/p>\n","protected":false},"author":2,"featured_media":49418,"comment_status":"closed","ping_status":"closed","sticky":false,"template":"","format":"standard","meta":{"footnotes":""},"categories":[2],"tags":[10],"class_list":["post-49417","post","type-post","status-publish","format-standard","has-post-thumbnail","hentry","category-informe-municipal","tag-santa-fe"],"_links":{"self":[{"href":"http:\/\/argentinamunicipal.com.ar\/argentina\/wp-json\/wp\/v2\/posts\/49417","targetHints":{"allow":["GET"]}}],"collection":[{"href":"http:\/\/argentinamunicipal.com.ar\/argentina\/wp-json\/wp\/v2\/posts"}],"about":[{"href":"http:\/\/argentinamunicipal.com.ar\/argentina\/wp-json\/wp\/v2\/types\/post"}],"author":[{"embeddable":true,"href":"http:\/\/argentinamunicipal.com.ar\/argentina\/wp-json\/wp\/v2\/users\/2"}],"replies":[{"embeddable":true,"href":"http:\/\/argentinamunicipal.com.ar\/argentina\/wp-json\/wp\/v2\/comments?post=49417"}],"version-history":[{"count":0,"href":"http:\/\/argentinamunicipal.com.ar\/argentina\/wp-json\/wp\/v2\/posts\/49417\/revisions"}],"wp:featuredmedia":[{"embeddable":true,"href":"http:\/\/argentinamunicipal.com.ar\/argentina\/wp-json\/wp\/v2\/media\/49418"}],"wp:attachment":[{"href":"http:\/\/argentinamunicipal.com.ar\/argentina\/wp-json\/wp\/v2\/media?parent=49417"}],"wp:term":[{"taxonomy":"category","embeddable":true,"href":"http:\/\/argentinamunicipal.com.ar\/argentina\/wp-json\/wp\/v2\/categories?post=49417"},{"taxonomy":"post_tag","embeddable":true,"href":"http:\/\/argentinamunicipal.com.ar\/argentina\/wp-json\/wp\/v2\/tags?post=49417"}],"curies":[{"name":"wp","href":"https:\/\/api.w.org\/{rel}","templated":true}]}}