{"id":49426,"date":"2016-06-08T07:28:14","date_gmt":"2016-06-08T10:28:14","guid":{"rendered":"http:\/\/argentinamunicipal.com.ar\/argentina\/?p=49426"},"modified":"2016-06-08T07:28:14","modified_gmt":"2016-06-08T10:28:14","slug":"conflicto-estatal-tierra-del-fuego-la-reforma-jubilatoria-cumple-100-dias-consecutivos","status":"publish","type":"post","link":"http:\/\/argentinamunicipal.com.ar\/argentina\/conflicto-estatal-tierra-del-fuego-la-reforma-jubilatoria-cumple-100-dias-consecutivos\/","title":{"rendered":"El conflicto estatal en Tierra del Fuego por la reforma jubilatoria cumple 100 d\u00edas consecutivos"},"content":{"rendered":"<p>Un grupo de sindicatos contin\u00faa exigiendo la derogaci\u00f3n de las leyes aprobadas entre el 8 y 9 de enero. Hay chicos que nunca empezaron las clases. Ayer sumaron el apoyo de Madres de Plaza de Mayo y dirigentes de organizaciones de derechos humanos del \u00e1mbito nacional. La comitiva fue a tribunales a presentar un \u201camicus curiae\u201d en la causa donde se investiga a manifestantes. Y despu\u00e9s fue recibida por el ministro Jefe de Gabinete y por el secretario de Derechos Humanos de la provincia.<\/p>\n<p>El conflicto entre el gobierno de Tierra del Fuego y un grupo de sindicatos estatales por la vigencia de una reforma jubilatoria en la provincia cumple hoy cien d\u00edas consecutivos, en medio de un paro por tiempo indeterminado y con la presencia en Ushuaia de integrantes de Madres de Plaza de Mayo, organismos de derechos humanos y dirigentes de izquierda que viajaron en apoyo al reclamo de los manifestantes.<br \/>\nEl eje de la disputa no cambi\u00f3 demasiado desde el 1 de marzo, cuando los sindicatos movilizaron a la Legislatura provincial, en la apertura del per\u00edodo de sesiones ordinarias, y anunciaron un plan de lucha contra la aplicaci\u00f3n de un paquete de leyes sancionado entre el 8 y 9 de enero, a propuesta de la gesti\u00f3n entrante de la gobernadora (FpV) Rosana Bertone.<\/p>\n<p>Las normas contienen desde reformas impositivas hasta cambios en el r\u00e9gimen de pensiones, pero los aspectos m\u00e1s controversiales consisten en la modificaci\u00f3n de los requisitos para acceder a la jubilaci\u00f3n, en la declaraci\u00f3n de emergencia del sistema previsional y en la p\u00e9rdida de autarqu\u00eda del instituto previsional y de servicios sociales (IPAUSS).<\/p>\n<p>Seg\u00fan el gobierno, las leyes vinieron a corregir un \u201cfestival de privilegios jubilatorios\u201d, que permit\u00eda jubilarse a los empleados estatales entre los 40 y los 45 a\u00f1os, con haberes promedio de 35 mil pesos mensuales y casos extremos de m\u00e1s de 200 mil pesos, y cuyo sostenimiento hab\u00eda originado una crisis que pon\u00eda en riesgo la sustentabilidad de la propia provincia.<\/p>\n<p>El ministro de Gobierno fueguino, Gast\u00f3n D\u00edaz, anunci\u00f3 esta semana que los cambios legales, incluido un Fondo Solidario de aportes extraordinarios al sistema, permiti\u00f3 disminuir de $70 millones a $14 millones el d\u00e9ficit mensual del IPAUSS, adem\u00e1s de reducir la cantidad de tramos en que se pagan las jubilaciones.<\/p>\n<p>En cambio, los sindicatos estatales nucleados en la denominada \u201cuni\u00f3n de gremios\u201d consideran a la reforma como \u201cparte de una pol\u00edtica de ajuste y de recorte de derechos\u201d por parte de la administraci\u00f3n Bertone, por lo que exigen la \u201cderogaci\u00f3n inmediata de todas las leyes\u201d.<\/p>\n<p>Bertone logr\u00f3 convencer a un grupo de sindicatos de que levantaran las medidas de fuerza y se sentaran a negociar aspectos reglamentarios de las leyes, en una \u201cmesa t\u00e9cnica\u201d que ya tuvo varios encuentros en Tolhuin y R\u00edo Grande.<\/p>\n<p>El \u00faltimo acuerdo de la mesa fue la realizaci\u00f3n de un \u201cestudio actuarial\u201d sobre las finanzas del sistema previsional, mientras que tambi\u00e9n se ratific\u00f3 que no se permitir\u00e1 la integraci\u00f3n de la uni\u00f3n de gremios hasta que no levanten el paro.<\/p>\n<p>\u201cEl que no tiene el coraje de entender que vivimos en un sistema representativo, republicano, federal y democr\u00e1tico, se quedar\u00e1 de la puerta para afuera\u201d, asegur\u00f3 D\u00edaz.<\/p>\n<p><strong>Apoyo de Madres y organizaciones<\/strong><\/p>\n<p>Por su parte los sindicatos disidentes recibieron el apoyo de la presidenta de Madres de Plaza de Mayo L\u00ednea Fundadora, Nora Corti\u00f1as, quien viaj\u00f3 a Ushuaia junto a Elia Espen, y un grupo de dirigentes de organismos de derechos humanos y diputados de izquierda para acompa\u00f1ar el reclamo estatal.<\/p>\n<p>La comitiva brind\u00f3 ayer una conferencia de prensa y luego particip\u00f3 de una movilizaci\u00f3n al edificio de tribunales de la capital fueguina, donde pidieron ser tenidos como \u201camicus curiae\u201d (amigos de la corte) en la causa penal donde se investiga a manifestantes por los distintos incidentes ocurridos durante el conflicto, incluida la agresi\u00f3n al vicegobernador Juan Carlos Arcando a la salida de un acto.<\/p>\n<p>Las madres no fueron recibidas, a pesar de haberlo solicitado, por el juez Javier De Gamas Soler, a cargo de la investigaci\u00f3n.<\/p>\n<p>\u201cEstamos aqu\u00ed en apoyo a los trabajadores de Tierra del Fuego. No podemos retroceder 30 o 40 a\u00f1os\u201d, sostuvo Corti\u00f1as.<\/p>\n<p>A su vez, la dirigente del MST Vilma Ripoll, acus\u00f3 a Bertone de \u201caplicar la peor versi\u00f3n de la receta de Mauricio Macri: ajuste m\u00e1s represi\u00f3n\u201d, mientras que\u00a0 la diputada nacional Myriam Bregman se\u00f1al\u00f3 que \u00abestamos muy preocupados por el clima represivo que se vive en Tierra del Fuego\u201d.<\/p>\n<p>\u201cLos compa\u00f1eros son perseguidos judicialmente con el fin de impedir su derecho democr\u00e1tico a ejercer sus funciones como representantes gremiales. Exigiremos el cierre de la causa y el cese de la persecuci\u00f3n\u00bb, agreg\u00f3 Juan Marino, dirigente de la Tendencia Piquetera Revolucionaria (TPR), otra de las organizaciones que particip\u00f3 de las actividades en Ushuaia.<\/p>\n<p>Las madres tambi\u00e9n pidieron reunirse con Bertone, aunque fueron recibidas por el ministro jefe de Gabinete, Leonardo Gorbacz, y por el secretario de Derechos Humanos de la provincia, Juan Mingrino.<\/p>\n<p>\u201cHemos entregado a las organizaciones un informe completo acerca de las medidas que hemos tomado y los acontecimientos de los \u00faltimos meses. Hemos escuchado atentamente sus puntos de vista y hemos podido tambi\u00e9n manifestar el nuestro, en un marco de absoluto respeto\u201d, resumi\u00f3 Gorbacz tras el encuentro.<\/p>\n<h6>Fuente: El Diario del Fin del Mundo<\/h6>\n","protected":false},"excerpt":{"rendered":"<p>Un grupo de sindicatos contin\u00faa exigiendo la derogaci\u00f3n de las leyes aprobadas entre el 8 y 9 de enero. Hay chicos que nunca empezaron las clases. <\/p>\n","protected":false},"author":2,"featured_media":49427,"comment_status":"closed","ping_status":"closed","sticky":false,"template":"","format":"standard","meta":{"footnotes":""},"categories":[65],"tags":[34],"class_list":["post-49426","post","type-post","status-publish","format-standard","has-post-thumbnail","hentry","category-provincias","tag-tierra-del-fuego"],"_links":{"self":[{"href":"http:\/\/argentinamunicipal.com.ar\/argentina\/wp-json\/wp\/v2\/posts\/49426","targetHints":{"allow":["GET"]}}],"collection":[{"href":"http:\/\/argentinamunicipal.com.ar\/argentina\/wp-json\/wp\/v2\/posts"}],"about":[{"href":"http:\/\/argentinamunicipal.com.ar\/argentina\/wp-json\/wp\/v2\/types\/post"}],"author":[{"embeddable":true,"href":"http:\/\/argentinamunicipal.com.ar\/argentina\/wp-json\/wp\/v2\/users\/2"}],"replies":[{"embeddable":true,"href":"http:\/\/argentinamunicipal.com.ar\/argentina\/wp-json\/wp\/v2\/comments?post=49426"}],"version-history":[{"count":0,"href":"http:\/\/argentinamunicipal.com.ar\/argentina\/wp-json\/wp\/v2\/posts\/49426\/revisions"}],"wp:featuredmedia":[{"embeddable":true,"href":"http:\/\/argentinamunicipal.com.ar\/argentina\/wp-json\/wp\/v2\/media\/49427"}],"wp:attachment":[{"href":"http:\/\/argentinamunicipal.com.ar\/argentina\/wp-json\/wp\/v2\/media?parent=49426"}],"wp:term":[{"taxonomy":"category","embeddable":true,"href":"http:\/\/argentinamunicipal.com.ar\/argentina\/wp-json\/wp\/v2\/categories?post=49426"},{"taxonomy":"post_tag","embeddable":true,"href":"http:\/\/argentinamunicipal.com.ar\/argentina\/wp-json\/wp\/v2\/tags?post=49426"}],"curies":[{"name":"wp","href":"https:\/\/api.w.org\/{rel}","templated":true}]}}