{"id":49440,"date":"2016-06-08T04:46:18","date_gmt":"2016-06-08T07:46:18","guid":{"rendered":"http:\/\/argentinamunicipal.com.ar\/argentina\/?p=49440"},"modified":"2016-06-08T07:49:16","modified_gmt":"2016-06-08T10:49:16","slug":"macri-lanzara-cerrillos-plan-nacional-municipal","status":"publish","type":"post","link":"http:\/\/argentinamunicipal.com.ar\/argentina\/macri-lanzara-cerrillos-plan-nacional-municipal\/","title":{"rendered":"Macri lanzar\u00e1 en Cerrillos el plan nacional municipal"},"content":{"rendered":"<p>Eligi\u00f3 esa intendencia porque es una de las que ya se sum\u00f3 a la modernizaci\u00f3n y digitalizaci\u00f3n de la administraci\u00f3n p\u00fablica en todos los niveles.<\/p>\n<p>&nbsp;<\/p>\n<p>El presidente Mauricio Macri presentar\u00e1 el martes pr\u00f3ximo, desde Cerrillos, el plan nacional de digitalizaci\u00f3n de municipios.<\/p>\n<p>El presidente visitar\u00e1 esa tradicional localidad salte\u00f1a junto al ministro de Modernizaci\u00f3n, Andr\u00e9s Ibarra.<br \/>\nSe trata de un programa mediante el cual el Gobierno busca asistir a m\u00e1s de mil municipios para facilitar su digitalizaci\u00f3n.<\/p>\n<p>La decisi\u00f3n de efectuar el lanzamiento desde Cerrillos obedece a que la intendencia, encabezada por Yolanda Vega, ya est\u00e1 trabajando con el Gobierno en el proceso de digitalizaci\u00f3n.<\/p>\n<p>El acto contar\u00e1 con la participaci\u00f3n del gobernador Juan Manuel Urtubey.<\/p>\n<p>Seg\u00fan fuentes oficiales, ya hay casi 50 ciudades peque\u00f1as conectadas al data center del ARSAT, a las que se les presta servicios de capacitaci\u00f3n, WiFi gratuito y soluciones colaborativas, como correo electr\u00f3nico y p\u00e1gina web.<\/p>\n<p>El programa Pa\u00eds Digital fue impulsado por el decreto 434 del presidente Macri, en marzo \u00faltimo, bajo la denominaci\u00f3n Plan de Modernizaci\u00f3n del Estado, y busca \u00abacercar la modernizaci\u00f3n a provincias y municipios con el fin de mejorar la calidad de los servicios, promover la transparencia y fomentar la inclusi\u00f3n digital\u00bb.<\/p>\n<p>El proyecto aspira a brindar WiFi p\u00fablico y gratuito a m\u00e1s de mil municipios para fin de 2017, facilitarles portales de datos p\u00fablicos abiertos, tr\u00e1mites en l\u00ednea y a distancia, almacenamiento en data centers y empleados p\u00fablicos capacitados.<\/p>\n<p><strong>PLAN DE MODERNIZACI\u00d3N<\/strong><br \/>\nEl Plan de Modernizaci\u00f3n del Estado es abordado a partir de la instrumentaci\u00f3n de \u00abun conjunto sistem\u00e1tico, integral y met\u00f3dico de acciones concretas\u00bb.<\/p>\n<p>Se propone generar \u00abun marco de eficiencia, eficacia y calidad en la prestaci\u00f3n de servicios\u00bb.<\/p>\n<p>Lo que presentar\u00e1 Macri en Cerrillos forma parte de la estrategia del Pa\u00eds Digital.<\/p>\n<p>El Gobierno nacional trata de crear alianzas con las administraciones p\u00fablicas provinciales y municipales con el objetivo de \u00abfortalecer los lazos existentes para avanzar dentro de un marco de intercambio y colaboraci\u00f3n, poniendo al servicio del desarrollo conjunto de las administraciones, las experiencias y pr\u00e1cticas exitosas existentes en todo el territorio nacional\u00bb.<\/p>\n<p>El Plan de Tecnolog\u00eda y Gobierno Digital apunta a facilitar la interacci\u00f3n digital entre el ciudadano y los diferentes organismos p\u00fablicos y avanzar hacia \u00abuna administraci\u00f3n sin papeles\u00bb.<\/p>\n<p>La gesti\u00f3n integral de los recursos humanos est\u00e1 orientada al cambio organizacional que permita \u00abavanzar en su jerarquizaci\u00f3n, facilitando el aprendizaje y la incorporaci\u00f3n de las nuevas tecnolog\u00edas y procesos para lograr la profesionalizaci\u00f3n de los trabajadores de la administraci\u00f3n p\u00fablica\u00bb.<\/p>\n<p>Propone tambi\u00e9n la institucionalizaci\u00f3n de procesos que permitan la definici\u00f3n de prioridades para la toma de decisiones y la evaluaci\u00f3n de los procesos mediante los cuales se plasmar\u00e1n e implementar\u00e1n dichas decisiones.<\/p>\n<p>Cambiemos quiere generar una \u00abcultura de la eficiencia p\u00fablica, a trav\u00e9s de un modelo de gesti\u00f3n que haga \u00e9nfasis en los resultados y en la calidad de los servicios\u00bb.<\/p>\n<p>La nueva modalidad de administraci\u00f3n y la aplicaci\u00f3n de tecnolog\u00edas en todos los municipios del pa\u00eds busca universalizar \u00abla m\u00e1s amplia participaci\u00f3n posible de la comunidad en la evaluaci\u00f3n y el control de los programas del Estado y de las instituciones p\u00fablicas\u00bb.<\/p>\n<h6>Fuente: El Tribuno Salta<\/h6>\n","protected":false},"excerpt":{"rendered":"<p>Eligi\u00f3 esa intendencia porque es una de las que ya se sum\u00f3 a la modernizaci\u00f3n y digitalizaci\u00f3n de la administraci\u00f3n p\u00fablica en todos los niveles.<\/p>\n","protected":false},"author":2,"featured_media":49441,"comment_status":"closed","ping_status":"closed","sticky":false,"template":"","format":"standard","meta":{"footnotes":""},"categories":[8],"tags":[21],"class_list":["post-49440","post","type-post","status-publish","format-standard","has-post-thumbnail","hentry","category-informe-nacional","tag-argentina"],"_links":{"self":[{"href":"http:\/\/argentinamunicipal.com.ar\/argentina\/wp-json\/wp\/v2\/posts\/49440","targetHints":{"allow":["GET"]}}],"collection":[{"href":"http:\/\/argentinamunicipal.com.ar\/argentina\/wp-json\/wp\/v2\/posts"}],"about":[{"href":"http:\/\/argentinamunicipal.com.ar\/argentina\/wp-json\/wp\/v2\/types\/post"}],"author":[{"embeddable":true,"href":"http:\/\/argentinamunicipal.com.ar\/argentina\/wp-json\/wp\/v2\/users\/2"}],"replies":[{"embeddable":true,"href":"http:\/\/argentinamunicipal.com.ar\/argentina\/wp-json\/wp\/v2\/comments?post=49440"}],"version-history":[{"count":0,"href":"http:\/\/argentinamunicipal.com.ar\/argentina\/wp-json\/wp\/v2\/posts\/49440\/revisions"}],"wp:featuredmedia":[{"embeddable":true,"href":"http:\/\/argentinamunicipal.com.ar\/argentina\/wp-json\/wp\/v2\/media\/49441"}],"wp:attachment":[{"href":"http:\/\/argentinamunicipal.com.ar\/argentina\/wp-json\/wp\/v2\/media?parent=49440"}],"wp:term":[{"taxonomy":"category","embeddable":true,"href":"http:\/\/argentinamunicipal.com.ar\/argentina\/wp-json\/wp\/v2\/categories?post=49440"},{"taxonomy":"post_tag","embeddable":true,"href":"http:\/\/argentinamunicipal.com.ar\/argentina\/wp-json\/wp\/v2\/tags?post=49440"}],"curies":[{"name":"wp","href":"https:\/\/api.w.org\/{rel}","templated":true}]}}