{"id":49446,"date":"2016-06-08T04:00:43","date_gmt":"2016-06-08T07:00:43","guid":{"rendered":"http:\/\/argentinamunicipal.com.ar\/argentina\/?p=49446"},"modified":"2016-06-08T08:03:40","modified_gmt":"2016-06-08T11:03:40","slug":"desempleo-crece-la-demanda-social-municipio-rio-grande","status":"publish","type":"post","link":"http:\/\/argentinamunicipal.com.ar\/argentina\/desempleo-crece-la-demanda-social-municipio-rio-grande\/","title":{"rendered":"Por el desempleo, crece la demanda social en el Municipio de R\u00edo Grande"},"content":{"rendered":"<p>La secretaria de Promoci\u00f3n Social del Municipio, profesora Gabriela Castillo, dijo que en abril creci\u00f3 la demanda de ayuda a familias carenciadas y la causa directa es que la gente \u201cha quedado excluida del mundo del trabajo\u201d. Indic\u00f3 que han notado que muchos casos que hab\u00edan dejado de asistir, han requerido nuevamente la entrega del m\u00f3dulo alimentario o de un subsidio para poder pagar el alquiler y no se desalojados.<\/p>\n<p>\u201cEsta vez los casos de asistencia que se nos presenta no tiene que ver con la migraci\u00f3n interna, sino que se trata de gente que ha perdido su empleo\u201d indic\u00f3 la profesora Castillo, quien destac\u00f3 el hecho que en R\u00edo Grande \u201cla situaci\u00f3n est\u00e1 contenida porque hay un Municipio presente, que da respuesta los vecinos\u201d y porque el \u201cintendente Gustavo Melella nunca dej\u00f3 desamparo a los vecinos que atraviesan alguna necesidad\u201d.<\/p>\n<p>Indic\u00f3 que desde la Secretar\u00eda de Promoci\u00f3n Social se atienden todos los casos de manera que nadie \u201cse queda sin poder solventar las necesidades b\u00e1sicas de su familia. Les venimos otorgando la ayuda que se da siempre. Cada caso es evaluado por los trabajadores sociales y se determina si la soluci\u00f3n para por alimentos o una ayuda econ\u00f3mica para no ser desalojados de un alquiler\u201d.<\/p>\n<p>La funcionaria municipal dijo que \u201chubo muchos casos de familias que en su momento dejaron de necesitar la asistencia de la Municipalidad y fueron dados de baja, pero de igual manera se les sigue haciendo una evaluaci\u00f3n de c\u00f3mo va cada una de ellas\u201d y puntualiz\u00f3 que \u201cestamos trabajando dentro de la cantidad de vecinos que hab\u00eda proyectado, con un incremento este mes por la fluctuaci\u00f3n de la falta de empleo\u201d.<\/p>\n<p>Al ser consultada al respecto, la profesora Gabriela Castillo dijo que las partidas presupuestarias que tiene la Secretar\u00eda de Promoci\u00f3n Social alcanza para atender todos los casos, pero no descart\u00f3 que de ser necesario \u201cseguramente se dispondr\u00e1 el incremento como se hizo el a\u00f1o pasado\u201d.<\/p>\n<h6>Fuente: Reporte Austral<\/h6>\n","protected":false},"excerpt":{"rendered":"<p>La secretaria de Promoci\u00f3n Social del Municipio, profesora Gabriela Castillo, dijo que en abril creci\u00f3 la demanda de ayuda a familias carenciadas y la causa directa es que la gente \u201cha quedado excluida del mundo del trabajo\u201d. <\/p>\n","protected":false},"author":2,"featured_media":49447,"comment_status":"closed","ping_status":"closed","sticky":false,"template":"","format":"standard","meta":{"footnotes":""},"categories":[2],"tags":[34],"class_list":["post-49446","post","type-post","status-publish","format-standard","has-post-thumbnail","hentry","category-informe-municipal","tag-tierra-del-fuego"],"_links":{"self":[{"href":"http:\/\/argentinamunicipal.com.ar\/argentina\/wp-json\/wp\/v2\/posts\/49446","targetHints":{"allow":["GET"]}}],"collection":[{"href":"http:\/\/argentinamunicipal.com.ar\/argentina\/wp-json\/wp\/v2\/posts"}],"about":[{"href":"http:\/\/argentinamunicipal.com.ar\/argentina\/wp-json\/wp\/v2\/types\/post"}],"author":[{"embeddable":true,"href":"http:\/\/argentinamunicipal.com.ar\/argentina\/wp-json\/wp\/v2\/users\/2"}],"replies":[{"embeddable":true,"href":"http:\/\/argentinamunicipal.com.ar\/argentina\/wp-json\/wp\/v2\/comments?post=49446"}],"version-history":[{"count":0,"href":"http:\/\/argentinamunicipal.com.ar\/argentina\/wp-json\/wp\/v2\/posts\/49446\/revisions"}],"wp:featuredmedia":[{"embeddable":true,"href":"http:\/\/argentinamunicipal.com.ar\/argentina\/wp-json\/wp\/v2\/media\/49447"}],"wp:attachment":[{"href":"http:\/\/argentinamunicipal.com.ar\/argentina\/wp-json\/wp\/v2\/media?parent=49446"}],"wp:term":[{"taxonomy":"category","embeddable":true,"href":"http:\/\/argentinamunicipal.com.ar\/argentina\/wp-json\/wp\/v2\/categories?post=49446"},{"taxonomy":"post_tag","embeddable":true,"href":"http:\/\/argentinamunicipal.com.ar\/argentina\/wp-json\/wp\/v2\/tags?post=49446"}],"curies":[{"name":"wp","href":"https:\/\/api.w.org\/{rel}","templated":true}]}}