{"id":49482,"date":"2016-06-09T07:06:31","date_gmt":"2016-06-09T10:06:31","guid":{"rendered":"http:\/\/argentinamunicipal.com.ar\/argentina\/?p=49482"},"modified":"2016-06-09T07:06:31","modified_gmt":"2016-06-09T10:06:31","slug":"detectan-denuncian-aumento-casos-mal-nutricion-peso-ninos-del-conurbano","status":"publish","type":"post","link":"http:\/\/argentinamunicipal.com.ar\/argentina\/detectan-denuncian-aumento-casos-mal-nutricion-peso-ninos-del-conurbano\/","title":{"rendered":"Detectan y denuncian aumento de casos de mal nutrici\u00f3n y bajo peso en ni\u00f1os del Conurbano"},"content":{"rendered":"<p>Los datos surgen de un relevamiento realizado en los 400 comedores que posee el movimiento Barrios de Pie. \u201cEs preocupante y lo queremos poner en debate\u201d, sostuvieron desde la organizaci\u00f3n.<\/p>\n<p>En paralelo con los datos brindados por la UCA, desde el Movimiento Barrios de Pie dieron a conocer los resultados del relevamiento realizado en los 400 comedores que poseen en distintos distritos del conurbano bonaerense y la Provincia.<\/p>\n<p>\u201cHemos hecho un relevamiento en nuestros comedores y hemos puesto en debate la situaci\u00f3n. En primera instancia, en el Gran Buenos Aires, m\u00e1s de la mitad de los chicos que van a nuestros comedores tienen problemas de mal nutrici\u00f3n y de bajo peso. Esto es lo preocupante y lo que queremos poner en debate, queremos medidas urgentes de parte del Gobierno y no encontramos o\u00eddos receptivos\u201d, se\u00f1alaron desde la organizaci\u00f3n.<\/p>\n<p>Por otra parte, desde la organizaci\u00f3n indicaron que la cantidad de gente que concurre a los comedores provinciales se duplicaron en los \u00faltimos meses: \u201cTenemos alrededor de 400 comedores en el Gran Buenos Aires. El n\u00famero de ni\u00f1os que se acercan es cada vez mayor, hace unos meses eran unos 50 y ahora en algunos lugares se ha duplicado. Muchos sectores del barrio que no iban al comedor, cuyos hijos han pedido cupos en los comedores escolares. Es una situaci\u00f3n compleja que tratamos de atender\u201d.<\/p>\n<p>Por \u00faltimo, se\u00f1alaron que \u201calarman los n\u00fameros que nos dan; nunca fueron buenos pero en estos meses se han agravado\u201d.<\/p>\n<h6>Fuente: InfoCielo<\/h6>\n","protected":false},"excerpt":{"rendered":"<p>Los datos surgen de un relevamiento realizado en los 400 comedores que posee el movimiento Barrios de Pie. \u201cEs preocupante y lo queremos poner en debate\u201d, sostuvieron desde la organizaci\u00f3n.<\/p>\n","protected":false},"author":2,"featured_media":49483,"comment_status":"closed","ping_status":"closed","sticky":false,"template":"","format":"standard","meta":{"footnotes":""},"categories":[2],"tags":[12],"class_list":["post-49482","post","type-post","status-publish","format-standard","has-post-thumbnail","hentry","category-informe-municipal","tag-buenos-aires"],"_links":{"self":[{"href":"http:\/\/argentinamunicipal.com.ar\/argentina\/wp-json\/wp\/v2\/posts\/49482","targetHints":{"allow":["GET"]}}],"collection":[{"href":"http:\/\/argentinamunicipal.com.ar\/argentina\/wp-json\/wp\/v2\/posts"}],"about":[{"href":"http:\/\/argentinamunicipal.com.ar\/argentina\/wp-json\/wp\/v2\/types\/post"}],"author":[{"embeddable":true,"href":"http:\/\/argentinamunicipal.com.ar\/argentina\/wp-json\/wp\/v2\/users\/2"}],"replies":[{"embeddable":true,"href":"http:\/\/argentinamunicipal.com.ar\/argentina\/wp-json\/wp\/v2\/comments?post=49482"}],"version-history":[{"count":0,"href":"http:\/\/argentinamunicipal.com.ar\/argentina\/wp-json\/wp\/v2\/posts\/49482\/revisions"}],"wp:featuredmedia":[{"embeddable":true,"href":"http:\/\/argentinamunicipal.com.ar\/argentina\/wp-json\/wp\/v2\/media\/49483"}],"wp:attachment":[{"href":"http:\/\/argentinamunicipal.com.ar\/argentina\/wp-json\/wp\/v2\/media?parent=49482"}],"wp:term":[{"taxonomy":"category","embeddable":true,"href":"http:\/\/argentinamunicipal.com.ar\/argentina\/wp-json\/wp\/v2\/categories?post=49482"},{"taxonomy":"post_tag","embeddable":true,"href":"http:\/\/argentinamunicipal.com.ar\/argentina\/wp-json\/wp\/v2\/tags?post=49482"}],"curies":[{"name":"wp","href":"https:\/\/api.w.org\/{rel}","templated":true}]}}