{"id":49485,"date":"2016-06-09T07:16:30","date_gmt":"2016-06-09T10:16:30","guid":{"rendered":"http:\/\/argentinamunicipal.com.ar\/argentina\/?p=49485"},"modified":"2016-06-09T07:16:30","modified_gmt":"2016-06-09T10:16:30","slug":"anunciaron-nuevo-puente-rio-cuarto","status":"publish","type":"post","link":"http:\/\/argentinamunicipal.com.ar\/argentina\/anunciaron-nuevo-puente-rio-cuarto\/","title":{"rendered":"Anunciaron un nuevo\u00a0puente para R\u00edo Cuarto"},"content":{"rendered":"<p>Se construir\u00e1 al lado del Carretero y se iluminar\u00e1 con sistema led. El gobernador manifest\u00f3 tambi\u00e9n que comenz\u00f3 la variante Piedras Moras de la autov\u00eda. \u201cDebe haber un tope en los aumentos\u201d, dijo<\/p>\n<p>En su visita mensual a la ciudad, el gobernador Juan Schiaretti anunci\u00f3 ayer que se construir\u00e1 un nuevo puente al lado del Carretero que demandar\u00e1 una inversi\u00f3n de $ 90 millones.<\/p>\n<p>La obra tendr\u00e1 un plazo de ejecuci\u00f3n de entre un a\u00f1o y medio y dos a\u00f1os.<br \/>\nEn el Centro C\u00edvico, Schiaretti entreg\u00f3 $ 3,4 millones en concepto de cr\u00e9ditos del Programa Vida Digna y luego presidi\u00f3 la reuni\u00f3n del gabinete provincial.<br \/>\nAl hacer uso de la palabra, Schiaretti dese\u00f3 un feliz d\u00eda a los periodistas. \u201cLa prensa es un pilar fundamental de la democracia\u201d, expres\u00f3.<\/p>\n<p>\u201cA poco de cumplir seis meses de gobierno, venimos a cumplir con nuestros compromisos de campa\u00f1a. Vamos a poner en marcha la construcci\u00f3n del nuevo puente\u201d, manifest\u00f3.<\/p>\n<p>Y a\u00f1adi\u00f3: \u201cEsta obra se suma al Parque Costanera Norte y a la Costanera Sur m\u00e1s la Planta Depuradora de L\u00edquidos Cloacales y a los desag\u00fces de Banda Norte. Tambi\u00e9n hemos lanzado la Agencia Innovar y Emprender\u201d.<\/p>\n<p>\u201cLos recursos para hacer esta obra est\u00e1n. F\u00edjense que nosotros la semana pasada emitimos un bono y gracias al prestigio que tiene la Provincia y tambi\u00e9n de que Argentina est\u00e1 mejorando obtuvimos la tasa m\u00e1s baja en quince a\u00f1os para una deuda que tomamos. Y esto nos va a permitir encarar con tranquilidad obras como estas\u201d, sostuvo el gobernador.<\/p>\n<p>El puente, denominado Avenida Espa\u00f1a, tendr\u00e1 370 metros de largo, es decir cuatro cuadras, y 7,30 metros de ancho.<\/p>\n<p>Su dise\u00f1o ser\u00e1 simple para resaltar la arquitectura del Carretero y su iluminaci\u00f3n ser\u00e1 led.<\/p>\n<p>M\u00e1s adelante, Schiaretti sostuvo que \u201ceste fin de semana se habilitar\u00e1 una mano de la variante Gigena\u201d y agreg\u00f3 que \u201cse inici\u00f3 la variante Piedras Moras\u201d.<\/p>\n<p>\u201cAprovechamos en julio que es la \u00e9poca que baja el nivel del agua para hacer al menos las fundaciones de los puentes. Esta variante es central porque agilizar\u00e1 el tr\u00e1fico y ahorrar\u00e1 tiempo de viaje. Con esto tenemos cubiertos todos los frentes de la autov\u00eda R\u00edo Cuarto-C\u00f3rdoba\u201d, detall\u00f3.<\/p>\n<p>Consultado sobre la situaci\u00f3n nacional, Schiaretti manifest\u00f3 que \u201ccualquiera que hubiera ganado la elecci\u00f3n tendr\u00eda que haber tomado estas medidas\u201d y agreg\u00f3: \u201cArgentina, de persistir en la pol\u00edtica econ\u00f3mica que ten\u00eda el anterior gobierno nacional, terminaba en un rodrigazo\u201d.<\/p>\n<p>\u201cSin duda que ordenar la econom\u00eda va a originar turbulencias y es lo que estamos viendo\u201d, afirm\u00f3.<\/p>\n<p>Y acot\u00f3: \u201cLo que hay que tener es cuidado para evitar costos sociales\u201d.<br \/>\n\u201cY cuando pasan estas cosas debe haber un tope en los aumentos porque las cosas hay que hacerlas gradualmente para que la poblaci\u00f3n no sufra\u201d, afirm\u00f3 el mandatario provincial.<\/p>\n<p>Interrogado sobre los auxiliares escolares, Schiaretti dijo que \u201cno est\u00e1 previsto que formen parte de la planta permanente\u201d.<\/p>\n<p>Tambi\u00e9n sostuvo que \u201cen relaci\u00f3n con el Paicor ya hay 300 intendentes que se quieren hacer cargo\u201d de dicho programa.<\/p>\n<p>Gendarmer\u00eda<\/p>\n<p>Finalmente, el gobernador indic\u00f3 a la prensa: \u201cEn C\u00f3rdoba necesitamos presencia de Gendarmer\u00eda y tambi\u00e9n de la Polic\u00eda Federal. Lo que va a plantear el ministro de Gobierno (Juan Carlos Massei) en el Consejo Federal de Seguridad es que se concrete la llegada de estos efectivos\u201d.<\/p>\n<h6>Fuente: Puntal<\/h6>\n","protected":false},"excerpt":{"rendered":"<p>Se construir\u00e1 al lado del Carretero y se iluminar\u00e1 con sistema led. El gobernador manifest\u00f3 tambi\u00e9n que comenz\u00f3 la variante Piedras Moras de la autov\u00eda. \u201cDebe haber un tope en los aumentos\u201d, dijo<\/p>\n","protected":false},"author":2,"featured_media":49486,"comment_status":"closed","ping_status":"closed","sticky":false,"template":"","format":"standard","meta":{"footnotes":""},"categories":[2],"tags":[3],"class_list":["post-49485","post","type-post","status-publish","format-standard","has-post-thumbnail","hentry","category-informe-municipal","tag-cordoba"],"_links":{"self":[{"href":"http:\/\/argentinamunicipal.com.ar\/argentina\/wp-json\/wp\/v2\/posts\/49485","targetHints":{"allow":["GET"]}}],"collection":[{"href":"http:\/\/argentinamunicipal.com.ar\/argentina\/wp-json\/wp\/v2\/posts"}],"about":[{"href":"http:\/\/argentinamunicipal.com.ar\/argentina\/wp-json\/wp\/v2\/types\/post"}],"author":[{"embeddable":true,"href":"http:\/\/argentinamunicipal.com.ar\/argentina\/wp-json\/wp\/v2\/users\/2"}],"replies":[{"embeddable":true,"href":"http:\/\/argentinamunicipal.com.ar\/argentina\/wp-json\/wp\/v2\/comments?post=49485"}],"version-history":[{"count":0,"href":"http:\/\/argentinamunicipal.com.ar\/argentina\/wp-json\/wp\/v2\/posts\/49485\/revisions"}],"wp:featuredmedia":[{"embeddable":true,"href":"http:\/\/argentinamunicipal.com.ar\/argentina\/wp-json\/wp\/v2\/media\/49486"}],"wp:attachment":[{"href":"http:\/\/argentinamunicipal.com.ar\/argentina\/wp-json\/wp\/v2\/media?parent=49485"}],"wp:term":[{"taxonomy":"category","embeddable":true,"href":"http:\/\/argentinamunicipal.com.ar\/argentina\/wp-json\/wp\/v2\/categories?post=49485"},{"taxonomy":"post_tag","embeddable":true,"href":"http:\/\/argentinamunicipal.com.ar\/argentina\/wp-json\/wp\/v2\/tags?post=49485"}],"curies":[{"name":"wp","href":"https:\/\/api.w.org\/{rel}","templated":true}]}}