{"id":49494,"date":"2016-06-09T07:30:37","date_gmt":"2016-06-09T10:30:37","guid":{"rendered":"http:\/\/argentinamunicipal.com.ar\/argentina\/?p=49494"},"modified":"2016-06-09T07:30:37","modified_gmt":"2016-06-09T10:30:37","slug":"marcha-atras-bonaerense-tarifazo-la-luz","status":"publish","type":"post","link":"http:\/\/argentinamunicipal.com.ar\/argentina\/marcha-atras-bonaerense-tarifazo-la-luz\/","title":{"rendered":"Marcha atr\u00e1s bonaerense con el tarifazo a la luz"},"content":{"rendered":"<p>La orden hab\u00eda sido dada por el juez de La Plata Luis Arias, que hab\u00eda hecho lugar a un amparo contra el tarifazo el\u00e9ctrico. Pero pas\u00f3 m\u00e1s de una semana sin cumplirse. El gobierno apel\u00f3 pero igual debe cumplir la orden de refacturar.<\/p>\n<p>Los usuarios de energ\u00eda el\u00e9ctrica de la provincia de Buenos Aires, con excepci\u00f3n del conurbano, quedar\u00e1n por ahora al margen del tarifazo. El Organismo de Control de Energ\u00eda El\u00e9ctrica bonaerense (Oceba), dando cumplimiento a la orden del juez platense Luis Arias, ayer le transmiti\u00f3 a las empresas distribuidoras y a las cooperativas el\u00e9ctricas de la provincia que deber\u00e1n refacturar, en el plazo de cinco d\u00edas, el servicio con el cuadro tarifario anterior al aumento. Aunque el gobierno de la provincia, a cargo de Mar\u00eda Eugenia Vidal, apel\u00f3 el fallo emitido por Arias la semana pasada, el ente p\u00fablico de control provincial debi\u00f3 responder al reclamo del magistrado, que el lunes hab\u00eda amenazado con sancionar a los funcionarios si no daban la orden de retrotraer los aumentos. \u201cLas personas que tienen su factura y se vence, lo que tienen que hacer es no pagar y esperar la nueva facturaci\u00f3n\u201d, hab\u00eda manifestado el \u00faltimo lunes Arias, a casi una semana de haber firmado la medida cautelar sin que se hiciera efectiva.<\/p>\n<p>La notificaci\u00f3n de Oceba a las prestadoras del servicio de distribuci\u00f3n transcribe el fallo del juez contencioso administrativo de La Plata, en tanto ordena refacturar el servicio sin los aumentos. Edelap, EDEN, EDEA, EDES y las cooperativas el\u00e9ctricas bonaerenses deber\u00e1n abstenerse de cobrar el incremento del servicio y aplicar el cuadro tarifario anterior. Los partidos del conurbano atendidos por Edenor y Edesur quedaron al margen de la resoluci\u00f3n del juez, ya que ambos operadores est\u00e1n bajo jurisdicci\u00f3n federal (Ministerio de Energ\u00eda de la Naci\u00f3n y Ente Nacional Regulador El\u00e9ctrico, ENRE). Un vocero de la empresa Edelap (\u00e1rea La Plata y su zona de influencia) confirm\u00f3 a la agencia de noticias T\u00e9lam que \u201cya se est\u00e1n emitiendo las facturas con el cuadro tarifario anterior, independientemente de la resoluci\u00f3n que se adopte con respecto a la apelaci\u00f3n del Ejecutivo\u201d provincial.<\/p>\n<p>La medida cautelar suspende los vencimientos de las facturas ya recibidas por los usuarios con el incremento, hasta tanto el cliente reciba la nueva factura con los valores anteriores. La resoluci\u00f3n del juez Luis Arias \u201csuspende la resoluci\u00f3n n\u00famero 22 de este a\u00f1o del Ministerio de Infraestructura y Servicios P\u00fablicos de la provincia de Buenos Aires, que aprob\u00f3 el nuevo cuadro tarifario del servicio de energ\u00eda el\u00e9ctrica\u201d.<\/p>\n<p>Ante la demora en dar cumplimiento a la resoluci\u00f3n, el magistrado platense le hab\u00eda recordado este mismo lunes a la gobernadora Mar\u00eda Eugenia Vidal que el plazo de 24 horas que le otorg\u00f3 para que notifique a las empresas sobre la suspensi\u00f3n del aumento ya estaba vencido. \u201cSi no lo hiciera, habr\u00e1 una multa de 30 mil pesos diarios para los funcionarios\u201d, sostuvo el magistrado en la oportunidad. Las nuevas facturas deber\u00e1n llegar \u201cconforme a lo que ven\u00edan cobrando antes\u201d del incremento de las tarifas autorizados por el gobierno, record\u00f3.<\/p>\n<p>El gobierno bonaerense hab\u00eda presentado una apelaci\u00f3n al fallo del juez la semana pasada. El vicegobernador provincial, Daniel Salvador, sostuvo entonces que \u201cno era necesario realizar una audiencia p\u00fablica\u201d para aplicar el tarifazo el\u00e9ctrico, en respuesta al planteo que, justamente, hab\u00eda hecho el juez Luis Arias para fundamentar su resoluci\u00f3n. El propio magistrado fue quien confirm\u00f3 que tanto el Ejecutivo provincial como la empresa Edelap hab\u00edan presentado expediente de apelaci\u00f3n ante su juzgado. Pero, al mismo tiempo, Arias dej\u00f3 expresamente aclarado que hasta tanto no se expida el tribunal de alzada, el fallo suspensivo del aumento seguir\u00e1 firme.<\/p>\n<p>En su fallo, Arias solicit\u00f3 que las empresas de energ\u00eda el\u00e9ctrica se abstengan \u201cde aplicar la nueva tarifa a los usuarios del servicio p\u00fablico, efectuar una nueva liquidaci\u00f3n y emitir nuevas facturas o, para el caso en que la nueva facturaci\u00f3n no fuera emitida antes de los sucesivos y peri\u00f3dicos vencimientos, que la empresa admita el pago del servicio seg\u00fan el cuadro tarifario vigente con anterioridad al incremento establecido, sin que ello implique la alteraci\u00f3n o interrupci\u00f3n del servicio\u201d.<\/p>\n<p>Por otra parte, y en referencia al fallo inhibitorio dictado por una jueza porte\u00f1a, seg\u00fan el cual todos los expedientes de apelaciones contra los aumentos de gas en el pa\u00eds deb\u00edan remitirse al fuero contencioso administrativo de la CABA, ayer se conoci\u00f3 el primer pronunciamiento en contra. El fiscal de Estado del Chubut, Diego Mart\u00ednez Zapata, asegur\u00f3 ayer que mantienen plena vigencia las cautelares dispuestas por el juez federal Hugo Sastre para frenar el aumento en las tarifas de gas en la provincia. Mart\u00ednez Zapata afirm\u00f3 que el fallo de la jueza porte\u00f1a del fuero contencioso administrativo Mar\u00eda Alejandra Biotti, que inhibe a los tribunales del interior del pa\u00eds de intervenir en apelaciones contra los aumentos del gas, \u201cno suspende en absoluto el efecto de la vigencia de estas medidas cautelares\u201d. Y precis\u00f3 que ser\u00e1 la C\u00e1mara Federal de Comodoro Rivadavia la que resuelva este conflicto de competencia.<\/p>\n<h6>Fuente: P\u00e1gina 12<\/h6>\n","protected":false},"excerpt":{"rendered":"<p>La orden hab\u00eda sido dada por el juez de La Plata Luis Arias, que hab\u00eda hecho lugar a un amparo contra el tarifazo el\u00e9ctrico. Pero pas\u00f3 m\u00e1s de una semana sin cumplirse. El gobierno apel\u00f3 pero igual debe cumplir la orden de refacturar.<\/p>\n","protected":false},"author":2,"featured_media":49495,"comment_status":"closed","ping_status":"closed","sticky":false,"template":"","format":"standard","meta":{"footnotes":""},"categories":[65],"tags":[12],"class_list":["post-49494","post","type-post","status-publish","format-standard","has-post-thumbnail","hentry","category-provincias","tag-buenos-aires"],"_links":{"self":[{"href":"http:\/\/argentinamunicipal.com.ar\/argentina\/wp-json\/wp\/v2\/posts\/49494","targetHints":{"allow":["GET"]}}],"collection":[{"href":"http:\/\/argentinamunicipal.com.ar\/argentina\/wp-json\/wp\/v2\/posts"}],"about":[{"href":"http:\/\/argentinamunicipal.com.ar\/argentina\/wp-json\/wp\/v2\/types\/post"}],"author":[{"embeddable":true,"href":"http:\/\/argentinamunicipal.com.ar\/argentina\/wp-json\/wp\/v2\/users\/2"}],"replies":[{"embeddable":true,"href":"http:\/\/argentinamunicipal.com.ar\/argentina\/wp-json\/wp\/v2\/comments?post=49494"}],"version-history":[{"count":0,"href":"http:\/\/argentinamunicipal.com.ar\/argentina\/wp-json\/wp\/v2\/posts\/49494\/revisions"}],"wp:featuredmedia":[{"embeddable":true,"href":"http:\/\/argentinamunicipal.com.ar\/argentina\/wp-json\/wp\/v2\/media\/49495"}],"wp:attachment":[{"href":"http:\/\/argentinamunicipal.com.ar\/argentina\/wp-json\/wp\/v2\/media?parent=49494"}],"wp:term":[{"taxonomy":"category","embeddable":true,"href":"http:\/\/argentinamunicipal.com.ar\/argentina\/wp-json\/wp\/v2\/categories?post=49494"},{"taxonomy":"post_tag","embeddable":true,"href":"http:\/\/argentinamunicipal.com.ar\/argentina\/wp-json\/wp\/v2\/tags?post=49494"}],"curies":[{"name":"wp","href":"https:\/\/api.w.org\/{rel}","templated":true}]}}