{"id":49506,"date":"2016-06-09T05:44:24","date_gmt":"2016-06-09T08:44:24","guid":{"rendered":"http:\/\/argentinamunicipal.com.ar\/argentina\/?p=49506"},"modified":"2016-06-09T07:46:20","modified_gmt":"2016-06-09T10:46:20","slug":"munigestion-santa-fe","status":"publish","type":"post","link":"http:\/\/argentinamunicipal.com.ar\/argentina\/munigestion-santa-fe\/","title":{"rendered":"Munigesti\u00f3n en Santa Fe"},"content":{"rendered":"<p>El concejal Hugo Firm\u00e1n (Firmeza para Avanzar) present\u00f3 esta semana un proyecto declarando de inter\u00e9s municipal el Programa de capacitaci\u00f3n para Municipios y Comunas \u00abMunigesti\u00f3n\u00bb<\/p>\n<p>A partir del Convenio entre UNL y UNR, se generan lineamientos de acci\u00f3n y ejecuci\u00f3n para brindar capacitaci\u00f3n a los gobiernos locales de la Provincia de Santa Fe y a sus agentes, entendi\u00e9ndola como una herramienta prioritaria para el fortalecimiento de las capacidades de gesti\u00f3n e innovaci\u00f3n pol\u00edtica, explica el concejal en la iniciativa.<\/p>\n<p>Munigesti\u00f3n se sustenta en principio de cooperaci\u00f3n mutua entre Universidades y Municipios y Comunas en la cual aquellas no son simples prestadoras de servicio que establecen una relaci\u00f3n de oferente-receptor, sino que este tipo de propuestas est\u00e1 enriquecida por la construcci\u00f3n de conocimientos y saberes compartidos entre los diversos actores sociales comprometidos con el desarrollo de la regi\u00f3n. La Universidad mediante la extensi\u00f3n promueve la apropiaci\u00f3n social del conocimiento y la democratizaci\u00f3n del capital social y cultural, aspectos claves para contribuir a la transformaci\u00f3n social, integr\u00e1ndose de esta manera al medio social del cual se nutre y al que permanentemente contribuye comprometidamente con los problemas sociales culturales y productivos de la regi\u00f3n en la que se encuentra inserta, agrega.<\/p>\n<p>El Programa tiene como prop\u00f3sito general incrementar las oportunidades de formaci\u00f3n de los equipos t\u00e9cnicos y pol\u00edticos de gobiernos locales que fortalezcan las capacidades de gesti\u00f3n e innovaci\u00f3n pol\u00edtica. Este programa de capacitaci\u00f3n se construye teniendo en cuenta las caracter\u00edsticas y necesidades propias de cada uno de los territorios, todo ello en funci\u00f3n de considerar que la capacitaci\u00f3n es una herramienta imprescindible para el logro de una buena gesti\u00f3n de gobierno, explica Hugo Firm\u00e1n.<\/p>\n<p>Esta propuesta se tratar\u00e1 hoy en sesi\u00f3n p\u00fablica del Honorable Concejo Municipal local y en su art\u00edculo 1\u00ba establece: \u00abDecl\u00e1rese de inter\u00e9s Municipal el Programa de Capacitaci\u00f3n para Municipios y Comunas de la provincia de Santa Fe Munigesti\u00f3n, organizado por Universidad Nacional del Litoral y Universidad Nacional de Rosario.-<\/p>\n<h6>Fuente: Sin mordaza<\/h6>\n","protected":false},"excerpt":{"rendered":"<p>El concejal Hugo Firm\u00e1n (Firmeza para Avanzar) present\u00f3 esta semana un proyecto declarando de inter\u00e9s municipal el Programa de capacitaci\u00f3n para Municipios y Comunas \u00abMunigesti\u00f3n\u00bb<\/p>\n","protected":false},"author":2,"featured_media":49507,"comment_status":"closed","ping_status":"closed","sticky":false,"template":"","format":"standard","meta":{"footnotes":""},"categories":[2],"tags":[10],"class_list":["post-49506","post","type-post","status-publish","format-standard","has-post-thumbnail","hentry","category-informe-municipal","tag-santa-fe"],"_links":{"self":[{"href":"http:\/\/argentinamunicipal.com.ar\/argentina\/wp-json\/wp\/v2\/posts\/49506","targetHints":{"allow":["GET"]}}],"collection":[{"href":"http:\/\/argentinamunicipal.com.ar\/argentina\/wp-json\/wp\/v2\/posts"}],"about":[{"href":"http:\/\/argentinamunicipal.com.ar\/argentina\/wp-json\/wp\/v2\/types\/post"}],"author":[{"embeddable":true,"href":"http:\/\/argentinamunicipal.com.ar\/argentina\/wp-json\/wp\/v2\/users\/2"}],"replies":[{"embeddable":true,"href":"http:\/\/argentinamunicipal.com.ar\/argentina\/wp-json\/wp\/v2\/comments?post=49506"}],"version-history":[{"count":0,"href":"http:\/\/argentinamunicipal.com.ar\/argentina\/wp-json\/wp\/v2\/posts\/49506\/revisions"}],"wp:featuredmedia":[{"embeddable":true,"href":"http:\/\/argentinamunicipal.com.ar\/argentina\/wp-json\/wp\/v2\/media\/49507"}],"wp:attachment":[{"href":"http:\/\/argentinamunicipal.com.ar\/argentina\/wp-json\/wp\/v2\/media?parent=49506"}],"wp:term":[{"taxonomy":"category","embeddable":true,"href":"http:\/\/argentinamunicipal.com.ar\/argentina\/wp-json\/wp\/v2\/categories?post=49506"},{"taxonomy":"post_tag","embeddable":true,"href":"http:\/\/argentinamunicipal.com.ar\/argentina\/wp-json\/wp\/v2\/tags?post=49506"}],"curies":[{"name":"wp","href":"https:\/\/api.w.org\/{rel}","templated":true}]}}